{"id":8598,"date":"2019-07-18T16:20:12","date_gmt":"2019-07-18T16:20:12","guid":{"rendered":"https:\/\/www.echlorial.fr\/blog\/astaxanthin-sonnenschutz\/"},"modified":"2019-07-18T16:20:12","modified_gmt":"2019-07-18T16:20:12","slug":"astaxanthin-sonnenschutz","status":"publish","type":"post","link":"https:\/\/www.echlorial.de.com\/blog\/astaxanthin-sonnenschutz\/","title":{"rendered":"Vor der Sonne gesch\u00fctzt!"},"content":{"rendered":"<p><span style=\"font-size: 12pt;\">Ich muss zugeben, dass ich von der Wirkung von Astaxanthin auf den Schutz der Haut vor der Sonne ziemlich verbl\u00fcfft bin! Ich hatte es speziell im zweiw\u00f6chigen Urlaub auf Korfu im letzten Jahr eingenommen, wo im September herrliches Wetter herrschte. Ich habe mich nat\u00fcrlich gesch\u00fctzt (T-Shirt, Sonnencreme), aber als Blondine bekomme ich normalerweise zu Beginn des Sonnenbades einen kleinen Sonnenbrand, zumindest am Hals, an den Beinen etc. Dieses Mal hatte ich zwei Wochen lang keinen Sonnenbrand und bin vor allem viel brauner geworden als sonst! Ich kann es nur weiterempfehlen, vielen Dank!<\/span><\/p>\n<p><span style=\"font-size: 14pt;\"><a class=\"btn btn-default\">Vincent<\/a><\/span><\/p>\n","protected":false},"excerpt":{"rendered":"<p>Ich muss zugeben, dass ich von der Wirkung von Astaxanthin auf den Schutz der Haut vor der Sonne ziemlich verbl\u00fcfft bin! Ich hatte es speziell im zweiw\u00f6chigen Urlaub auf Korfu im letzten Jahr eingenommen, wo im September herrliches Wetter herrschte. Ich habe mich nat\u00fcrlich gesch\u00fctzt (T-Shirt, Sonnencreme), aber als Blondine bekomme ich normalerweise zu Beginn [&hellip;]<\/p>\n","protected":false},"author":1,"featured_media":0,"comment_status":"open","ping_status":"open","sticky":false,"template":"","format":"standard","meta":[],"categories":[496,467],"tags":[],"acf":[],"yoast_head":"<!-- This site is optimized with the Yoast SEO plugin v19.7.1 - https:\/\/yoast.com\/wordpress\/plugins\/seo\/ -->\n<title>Vor der Sonne gesch\u00fctzt!<\/title>\n<meta name=\"description\" content=\"Ich muss zugeben, dass ich von der Wirkung von Astaxanthin auf den Schutz der Haut vor der Sonne ziemlich verbl\u00fcfft bin! Ich hatte es speziell im Urlaub zwei Wochen lang eingenommen, um...\" \/>\n<meta name=\"robots\" content=\"index, follow, max-snippet:-1, max-image-preview:large, max-video-preview:-1\" \/>\n<link rel=\"canonical\" href=\"https:\/\/www.echlorial.de.com\/blog\/astaxanthin-sonnenschutz\/\" \/>\n<meta property=\"og:locale\" content=\"de_DE\" \/>\n<meta property=\"og:type\" content=\"article\" \/>\n<meta property=\"og:title\" content=\"Vor der Sonne gesch\u00fctzt!\" \/>\n<meta property=\"og:description\" content=\"Ich muss zugeben, dass ich von der Wirkung von Astaxanthin auf den Schutz der Haut vor der Sonne ziemlich verbl\u00fcfft bin! Ich hatte es speziell im Urlaub zwei Wochen lang eingenommen, um...\" \/>\n<meta property=\"og:url\" content=\"https:\/\/www.echlorial.de.com\/blog\/astaxanthin-sonnenschutz\/\" \/>\n<meta property=\"og:site_name\" content=\"eChlorial\" \/>\n<meta property=\"article:published_time\" content=\"2019-07-18T16:20:12+00:00\" \/>\n<meta name=\"author\" content=\"admin_echlorial\" \/>\n<meta name=\"twitter:label1\" content=\"Verfasst von\" \/>\n\t<meta name=\"twitter:data1\" content=\"admin_echlorial\" \/>\n<script type=\"application\/ld+json\" class=\"yoast-schema-graph\">{\"@context\":\"https:\/\/schema.org\",\"@graph\":[{\"@type\":\"WebPage\",\"@id\":\"https:\/\/www.echlorial.de.com\/blog\/astaxanthin-sonnenschutz\/\",\"url\":\"https:\/\/www.echlorial.de.com\/blog\/astaxanthin-sonnenschutz\/\",\"name\":\"Vor der Sonne gesch\u00fctzt!\",\"isPartOf\":{\"@id\":\"https:\/\/www.echlorial.fr\/blog\/#website\"},\"datePublished\":\"2019-07-18T16:20:12+00:00\",\"dateModified\":\"2019-07-18T16:20:12+00:00\",\"author\":{\"@id\":\"https:\/\/www.echlorial.fr\/blog\/#\/schema\/person\/0e76c63d04141dd4ae797ce19887e7a6\"},\"description\":\"Ich muss zugeben, dass ich von der Wirkung von Astaxanthin auf den Schutz der Haut vor der Sonne ziemlich verbl\u00fcfft bin! Ich hatte es speziell im Urlaub zwei Wochen lang eingenommen, um...\",\"breadcrumb\":{\"@id\":\"https:\/\/www.echlorial.de.com\/blog\/astaxanthin-sonnenschutz\/#breadcrumb\"},\"inLanguage\":\"de\",\"potentialAction\":[{\"@type\":\"ReadAction\",\"target\":[\"https:\/\/www.echlorial.de.com\/blog\/astaxanthin-sonnenschutz\/\"]}]},{\"@type\":\"BreadcrumbList\",\"@id\":\"https:\/\/www.echlorial.de.com\/blog\/astaxanthin-sonnenschutz\/#breadcrumb\",\"itemListElement\":[{\"@type\":\"ListItem\",\"position\":1,\"name\":\"Startseite\",\"item\":\"https:\/\/www.echlorial.de.com\/\"},{\"@type\":\"ListItem\",\"position\":2,\"name\":\"Erfahrungsberichte\",\"item\":\"https:\/\/www.echlorial.de.com\/blog\/category\/temoignages-de\/\"},{\"@type\":\"ListItem\",\"position\":3,\"name\":\"Astaxanthin T.\",\"item\":\"https:\/\/www.echlorial.de.com\/blog\/category\/temoignages-de\/astaxanthin-de-64552109ad327\/\"},{\"@type\":\"ListItem\",\"position\":4,\"name\":\"Vor der Sonne gesch\u00fctzt!\"}]},{\"@type\":\"WebSite\",\"@id\":\"https:\/\/www.echlorial.fr\/blog\/#website\",\"url\":\"https:\/\/www.echlorial.fr\/blog\/\",\"name\":\"eChlorial\",\"description\":\"Chlorella extra pure cultiv\u00e9e sous tube de verre en Allemagne\",\"potentialAction\":[{\"@type\":\"SearchAction\",\"target\":{\"@type\":\"EntryPoint\",\"urlTemplate\":\"https:\/\/www.echlorial.fr\/blog\/?s={search_term_string}\"},\"query-input\":\"required name=search_term_string\"}],\"inLanguage\":\"de\"},{\"@type\":\"Person\",\"@id\":\"https:\/\/www.echlorial.fr\/blog\/#\/schema\/person\/0e76c63d04141dd4ae797ce19887e7a6\",\"name\":\"admin_echlorial\",\"sameAs\":[\"http:\/\/www.echlorial.fr\"],\"url\":\"https:\/\/www.echlorial.de.com\/blog\/author\/admin_echlorial\/\"}]}<\/script>\n<!-- \/ Yoast SEO plugin. -->","yoast_head_json":{"title":"Vor der Sonne gesch\u00fctzt!","description":"Ich muss zugeben, dass ich von der Wirkung von Astaxanthin auf den Schutz der Haut vor der Sonne ziemlich verbl\u00fcfft bin! Ich hatte es speziell im Urlaub zwei Wochen lang eingenommen, um...","robots":{"index":"index","follow":"follow","max-snippet":"max-snippet:-1","max-image-preview":"max-image-preview:large","max-video-preview":"max-video-preview:-1"},"canonical":"https:\/\/www.echlorial.de.com\/blog\/astaxanthin-sonnenschutz\/","og_locale":"de_DE","og_type":"article","og_title":"Vor der Sonne gesch\u00fctzt!","og_description":"Ich muss zugeben, dass ich von der Wirkung von Astaxanthin auf den Schutz der Haut vor der Sonne ziemlich verbl\u00fcfft bin! Ich hatte es speziell im Urlaub zwei Wochen lang eingenommen, um...","og_url":"https:\/\/www.echlorial.de.com\/blog\/astaxanthin-sonnenschutz\/","og_site_name":"eChlorial","article_published_time":"2019-07-18T16:20:12+00:00","author":"admin_echlorial","twitter_misc":{"Verfasst von":"admin_echlorial"},"schema":{"@context":"https:\/\/schema.org","@graph":[{"@type":"WebPage","@id":"https:\/\/www.echlorial.de.com\/blog\/astaxanthin-sonnenschutz\/","url":"https:\/\/www.echlorial.de.com\/blog\/astaxanthin-sonnenschutz\/","name":"Vor der Sonne gesch\u00fctzt!","isPartOf":{"@id":"https:\/\/www.echlorial.fr\/blog\/#website"},"datePublished":"2019-07-18T16:20:12+00:00","dateModified":"2019-07-18T16:20:12+00:00","author":{"@id":"https:\/\/www.echlorial.fr\/blog\/#\/schema\/person\/0e76c63d04141dd4ae797ce19887e7a6"},"description":"Ich muss zugeben, dass ich von der Wirkung von Astaxanthin auf den Schutz der Haut vor der Sonne ziemlich verbl\u00fcfft bin! Ich hatte es speziell im Urlaub zwei Wochen lang eingenommen, um...","breadcrumb":{"@id":"https:\/\/www.echlorial.de.com\/blog\/astaxanthin-sonnenschutz\/#breadcrumb"},"inLanguage":"de","potentialAction":[{"@type":"ReadAction","target":["https:\/\/www.echlorial.de.com\/blog\/astaxanthin-sonnenschutz\/"]}]},{"@type":"BreadcrumbList","@id":"https:\/\/www.echlorial.de.com\/blog\/astaxanthin-sonnenschutz\/#breadcrumb","itemListElement":[{"@type":"ListItem","position":1,"name":"Startseite","item":"https:\/\/www.echlorial.de.com\/"},{"@type":"ListItem","position":2,"name":"Erfahrungsberichte","item":"https:\/\/www.echlorial.de.com\/blog\/category\/temoignages-de\/"},{"@type":"ListItem","position":3,"name":"Astaxanthin T.","item":"https:\/\/www.echlorial.de.com\/blog\/category\/temoignages-de\/astaxanthin-de-64552109ad327\/"},{"@type":"ListItem","position":4,"name":"Vor der Sonne gesch\u00fctzt!"}]},{"@type":"WebSite","@id":"https:\/\/www.echlorial.fr\/blog\/#website","url":"https:\/\/www.echlorial.fr\/blog\/","name":"eChlorial","description":"Chlorella extra pure cultiv\u00e9e sous tube de verre en Allemagne","potentialAction":[{"@type":"SearchAction","target":{"@type":"EntryPoint","urlTemplate":"https:\/\/www.echlorial.fr\/blog\/?s={search_term_string}"},"query-input":"required name=search_term_string"}],"inLanguage":"de"},{"@type":"Person","@id":"https:\/\/www.echlorial.fr\/blog\/#\/schema\/person\/0e76c63d04141dd4ae797ce19887e7a6","name":"admin_echlorial","sameAs":["http:\/\/www.echlorial.fr"],"url":"https:\/\/www.echlorial.de.com\/blog\/author\/admin_echlorial\/"}]}},"_links":{"self":[{"href":"https:\/\/www.echlorial.de.com\/blog\/wp-json\/wp\/v2\/posts\/8598"}],"collection":[{"href":"https:\/\/www.echlorial.de.com\/blog\/wp-json\/wp\/v2\/posts"}],"about":[{"href":"https:\/\/www.echlorial.de.com\/blog\/wp-json\/wp\/v2\/types\/post"}],"author":[{"embeddable":true,"href":"https:\/\/www.echlorial.de.com\/blog\/wp-json\/wp\/v2\/users\/1"}],"replies":[{"embeddable":true,"href":"https:\/\/www.echlorial.de.com\/blog\/wp-json\/wp\/v2\/comments?post=8598"}],"version-history":[{"count":0,"href":"https:\/\/www.echlorial.de.com\/blog\/wp-json\/wp\/v2\/posts\/8598\/revisions"}],"wp:attachment":[{"href":"https:\/\/www.echlorial.de.com\/blog\/wp-json\/wp\/v2\/media?parent=8598"}],"wp:term":[{"taxonomy":"category","embeddable":true,"href":"https:\/\/www.echlorial.de.com\/blog\/wp-json\/wp\/v2\/categories?post=8598"},{"taxonomy":"post_tag","embeddable":true,"href":"https:\/\/www.echlorial.de.com\/blog\/wp-json\/wp\/v2\/tags?post=8598"}],"curies":[{"name":"wp","href":"https:\/\/api.w.org\/{rel}","templated":true}]}}