{"id":8570,"date":"2018-04-05T13:56:05","date_gmt":"2018-04-05T13:56:05","guid":{"rendered":"https:\/\/www.echlorial.fr\/blog\/albertat-lyme-2\/"},"modified":"2023-05-05T16:03:18","modified_gmt":"2023-05-05T16:03:18","slug":"albertat-lyme-2","status":"publish","type":"post","link":"https:\/\/www.echlorial.de.com\/blog\/albertat-lyme-2\/","title":{"rendered":"Interview mit Judith Albertat, Gr\u00fcnderin des Stiftungsfonds I For Lyme"},"content":{"rendered":"\n<p><span style=\"font-size: 12pt;\">Interview mit Judith Albertat, Naturheilpraktikerin, ehemalige Linienpilotin, Gr\u00fcnderin des Stiftungsfonds &#8222;I For Lyme&#8220; und Mitbegr\u00fcnderin des Vereins &#8222;Lyme sans fronti\u00e8re&#8220; (Lyme ohne Grenzen).<\/span> <span style=\"font-size: 12pt;\">Judith hat auch zwei B\u00fccher \u00fcber die Lyme-Borreliose geschrieben.<\/span><\/p>\n\n\n\n<h2>Was ist Ihr Werdegang: Wie und warum sind Sie Naturheilpraktikerin geworden?<\/h2>\n\n\n\n<p><span style=\"font-size: 12pt;\">Ich glaube, mein Werdegang ist der eines jeden Forschers, der von einer Entdeckung und dem Verst\u00e4ndnis der damit verbundenen Problematik begeistert ist. Wie Marie CURIE sagte: <em>&#8222;Was w\u00e4ren wir ohne die Neugier des Geistes<\/em> &#8222;? Darin liegt die Sch\u00f6nheit und der Adel der Wissenschaft: der endlose Wunsch, die Grenzen des Wissens zu erweitern, den Geheimnissen der Materie und des Lebens nachzusp\u00fcren, ohne vorgefasste Meinung \u00fcber die m\u00f6glichen Folgen.<\/span><br><span style=\"font-size: 12pt;\">Nachdem ich vor \u00fcber zehn Jahren von unz\u00e4hligen Symptomen geplagt wurde und einen Notfallarzt kennengelernt hatte, der mir die T\u00fcren zu alternativen Therapien \u00f6ffnete, beschloss ich, eine Ausbildung zur Naturheilkundlerin zu machen. Ich habe sie mit einer unerm\u00fcdlichen Forschung \u00fcber die Lyme-Krankheit und weit dar\u00fcber hinaus \u00fcber den Zustand unseres K\u00f6rpers, der in einer mittlerweile sehr toxischen Welt lebt, kombiniert.<\/span><\/p>\n\n\n\n<h2>Warum wurde die Lyme-Borreliose zu Ihrem Kampf?<\/h2>\n\n\n\n<p><span style=\"font-size: 12pt;\">Ich w\u00fcrde vielleicht nicht von einem Kampf sprechen! Es ist vielmehr ein Engagement, das sich nicht speziell auf Lyme bezieht, sondern vielmehr auf das, was ich im Laufe der Zeit entdeckt habe. Es sind unsere Umwelt und unsere heutigen Verhaltensweisen, die bei der Zunahme chronischer Krankheiten &#8211; zu denen auch Lyme geh\u00f6ren kann, aber Vorsicht: Nicht alles ist Lyme!<\/span><\/p>\n\n\n\n<h2>Wie wird die Lyme-Borreliose zweifelsfrei diagnostiziert?<\/h2>\n\n\n\n<p><span style=\"font-size: 12pt;\">Die Krankheit kann derzeit nicht unanfechtbar diagnostiziert werden. Es gibt zahlreiche Tests: Beobachtungen unter dem Hell- oder Dunkelfeldmikroskop, verschiedene biologische Tests f\u00fcr Menschen oder Tier\u00e4rzte, Bioresonanztests etc. Kein Test beweist, dass es tats\u00e4chlich die Borrelien sind, wenn sie identifiziert werden, die die vom Kranken gemeldeten Symptome verursachen, au\u00dfer bei einer Erstinfektion im Stadium 1 der Krankheit. Es gibt viele andere Faktoren, die die vom Kranken beschriebenen Symptome hervorrufen k\u00f6nnen. Wenn die Symptomatik auf eine Lyme-Krankheit hindeutet, dann sollte der Arzt eine geeignete Behandlung vorschlagen, die gleichzeitig als Differentialdiagnose dient.<\/span><\/p>\n\n\n\n<h2>Wie sieht bei einer best\u00e4tigten Lyme-Krankheit der Heilungsweg aus, den man je nach Zeitpunkt des Befalls beschreiten sollte?<\/h2>\n\n\n\n<p><span style=\"font-size: 12pt;\">Nach meiner Erfahrung &#8211; aber auch dadurch, dass ich inzwischen mit deutschen \u00c4rzten und Therapeuten zusammenarbeite und deren Praktiken sehe, die dieselben Wege gehen, die ich entdeckt habe &#8211; hat es keinen Sinn, jahrelang gegen den Erreger anzuk\u00e4mpfen. Der Kampf ist von vornherein verloren, denn die Mikrobe ist nichts, es ist das &#8222;Terrain&#8220; des Patienten, das ein Problem darstellt. Auf diesem &#8222;Terrain&#8220;, das einerseits an lebenswichtigen N\u00e4hrstoffen mangelt und andererseits in der Regel stark vergiftet ist, k\u00f6nnen sich die Mikroben austoben. Die Strategie wird also darin bestehen, die allgemeine Infektionslast zu senken, aber vor allem auch die allgemeine Giftlast zu verringern und dadurch den Darm zu reparieren und die Zellen unseres K\u00f6rpers zu ern\u00e4hren.<\/span><\/p>\n\n\n\n<h2>Was ist das Ziel Ihres Stiftungsfonds &#8222;I For Lyme&#8220;?<\/h2>\n\n\n\n<p><span style=\"font-size: 12pt;\">Unser Ziel ist es, die Forschung im Bereich der Lyme-Borreliose unter Ber\u00fccksichtigung unserer aktuellen Umwelt zu entwickeln. Borrelien gibt es seit Millionen von Jahren, wir haben dieses Bakterium global \u00fcberlebt! Die Kranken sind meiner Meinung nach die Opfer einer Umwelt, die sich in den letzten 70 Jahren drastisch ver\u00e4ndert hat: Man dachte, die Chemie w\u00fcrde die Menschheit retten, aber unz\u00e4hlige Experten beginnen zu erkennen, dass dies nicht der Fall ist, ganz im Gegenteil.<\/span><\/p>\n\n\n\n<h2>Welche Botschaften m\u00f6chten Sie unseren Lesern vermitteln, die ihre Lebensqualit\u00e4t aktiv mitgestalten m\u00f6chten?<\/h2>\n\n\n\n<div class=\"wp-block-image\"><figure class=\"alignright\"><a href=\"http:\/\/www.thierrysouccar.com\/sante\/livre\/lyme-les-solutions-naturelles-3400\"><img loading=\"lazy\" width=\"250\" height=\"366\" src=\"https:\/\/www.echlorial.fr\/blog\/wp-content\/uploads\/2018\/04\/LymeSolutionNaturelle2.jpg\" alt=\"Lyme les solutions naturelles\" class=\"wp-image-2605\" srcset=\"https:\/\/www.echlorial.de.com\/blog\/wp-content\/uploads\/2018\/04\/LymeSolutionNaturelle2.jpg 250w, https:\/\/www.echlorial.de.com\/blog\/wp-content\/uploads\/2018\/04\/LymeSolutionNaturelle2-205x300.jpg 205w\" sizes=\"(max-width: 250px) 100vw, 250px\" \/><\/a><figcaption>Lyme die nat\u00fcrlichen L\u00f6sungen von Judith Albertat<\/figcaption><\/figure><\/div>\n\n\n\n<p><span style=\"font-size: 12pt;\">Zuallererst m\u00f6chte ich sagen, dass ihre Gesundheit und ihr K\u00f6rper nicht den \u00c4rzten geh\u00f6ren, sondern ihnen selbst! Sie sind die Autoren ihres Lebens, in allen Bereichen, und als solche m\u00fcssen sie die Akteure sein. Wir m\u00fcssen wirklich eine Reform unserer Lebensweise in Betracht ziehen. Als allererstes m\u00fcssen wir unsere Ern\u00e4hrung umstellen: Wir m\u00fcssen &#8222;hausgemacht&#8220; kochen, mit frischen Lebensmitteln, die lokal und umweltfreundlich angebaut werden, wir m\u00fcssen Lebensmittelzusatzstoffe, Lebensmittel, die Giftstoffe enthalten (Nanopartikel, verschiedene Metalle und toxische Elemente, endokrine Disruptoren usw.), und Lebensmittel mit einem hohen glyk\u00e4mischen Index aus dem Weg r\u00e4umen.<\/span><\/p>\n\n\n\n<p><span style=\"font-size: 12pt;\">Manchmal muss man auch auf hochwertige, ungiftige Nahrungserg\u00e4nzungsmittel zur\u00fcckgreifen, um die K\u00f6rperzellen zu n\u00e4hren. Dazu muss man immer beim Vertreiber nachfragen, um die Herkunft und Produktionsweise der Nahrungserg\u00e4nzungsmittel zu erfahren! Dank Dr. Joachim MUTTER, einem Spezialisten f\u00fcr Umweltmedizin in Deutschland, bin ich auf die von Ihnen angebotene <a href=\"https:\/\/www.echlorial.de.com\/14-chlorella-bio\">extra reine Chlorella<\/a> (Chlorella <sup>eChlorial\u00ae<\/sup>) gesto\u00dfen. Es w\u00e4re sch\u00f6n, wenn alle Nahrungserg\u00e4nzungsmittel die gleichen Qualit\u00e4tsanforderungen garantieren w\u00fcrden! Ich stelle st\u00e4ndig Fragen an die Labors, um diesen Punkt zu \u00fcberpr\u00fcfen. Zum Gl\u00fcck gibt es seri\u00f6se Unternehmen, die die gleichen Anforderungen stellen wie Sie und ich! Denn mit Produkten, deren R\u00fcckverfolgbarkeit nicht gew\u00e4hrleistet ist und die sich als giftig erweisen k\u00f6nnten, richtet man viel mehr Schaden an, als man sich vorstellen kann.<\/span><\/p>\n\n\n\n<p><span style=\"font-size: 12pt;\">Man sollte auch bedenken, dass die Probleme oft schon in unserem Mund beginnen, und zwar durch quecksilberhaltige Amalgamf\u00fcllungen, verschiedene Prothesen aus <a href=\"https:\/\/www.echlorial.de.com\/blog\/schwermetalle-und-chlorella\/\">giftigen Metallen<\/a> und schlecht gef\u00fcllte Zahnwurzeln, wodurch sich Krankheitserreger im Kiefer vermehren. Sie sollten auf jeden Fall eine Munduntersuchung bei einem Spezialisten durchf\u00fchren lassen.<\/span><br><span style=\"font-size: 12pt;\">Schlie\u00dflich, und ohne die Gefahren unserer elektromagnetischen Umwelt zu vergessen, ist auch die Problematik der Adjuvantien und anderer toxischer Nanopartikel in Impfstoffen auf h\u00f6chster Ebene zu ber\u00fccksichtigen.<\/span><\/p>\n\n\n\n<h2>Welches Zitat gef\u00e4llt Ihnen am besten?<\/h2>\n\n\n\n<figure class=\"wp-block-pullquote\"><blockquote><p><span style=\"font-size: 12pt;\">&#8222;Die Menschen zum Tr\u00e4umen zu bringen, ist oft das sicherste Mittel, sie schlafend zu halten &#8211; gerade weil der Traum ihnen die Illusion gibt, wach zu sein&#8220;. <\/span><\/p><cite>Gustave THIBON, Philosoph, 1903-2001.<\/cite><\/blockquote><\/figure>\n\n\n\n<p><span style=\"font-size: 14pt;\"><strong>Eintrag von Judith am 03. August 2018<\/strong><\/span><\/p>\n\n\n\n<p><strong><a href=\"https:\/\/www.linkedin.com\/pulse\/press-release-ground-breaking-recognition-lyme-11th-luche-thayer\/\" target=\"_blank\" rel=\"noopener\">Anerkennung der Lyme-Borreliose in der 11. Internationalen Klassifikation der Krankheiten der WHO.<\/a><\/strong><\/p>\n\n\n\n<p class=\"has-text-align-center\"><a class=\"button primary green\" href=\"https:\/\/iforlyme.org\/\" target=\"_blank\" rel=\"noopener\">I For Lyme \u2192.<\/a><\/p>\n","protected":false},"excerpt":{"rendered":"<p>Interview mit Judith Albertat, Naturheilpraktikerin, ehemalige Linienpilotin, Gr\u00fcnderin des Stiftungsfonds &#8222;I For Lyme&#8220; und Mitbegr\u00fcnderin des Vereins &#8222;Lyme sans fronti\u00e8re&#8220; (Lyme ohne Grenzen). Judith hat auch zwei B\u00fccher \u00fcber die Lyme-Borreliose geschrieben. Was ist Ihr Werdegang: Wie und warum sind Sie Naturheilpraktikerin geworden? Ich glaube, mein Werdegang ist der eines jeden Forschers, der von einer [&hellip;]<\/p>\n","protected":false},"author":1,"featured_media":0,"comment_status":"open","ping_status":"open","sticky":false,"template":"","format":"standard","meta":[],"categories":[488],"tags":[],"acf":[],"yoast_head":"<!-- This site is optimized with the Yoast SEO plugin v19.7.1 - https:\/\/yoast.com\/wordpress\/plugins\/seo\/ -->\n<title>Interview mit Judith Albertat, Gr\u00fcnderin des Stiftungsfonds I For Lyme<\/title>\n<meta name=\"robots\" content=\"index, follow, max-snippet:-1, max-image-preview:large, max-video-preview:-1\" \/>\n<link rel=\"canonical\" href=\"https:\/\/www.echlorial.de.com\/blog\/albertat-lyme-2\/\" \/>\n<meta property=\"og:locale\" content=\"de_DE\" \/>\n<meta property=\"og:type\" content=\"article\" \/>\n<meta property=\"og:title\" content=\"Interview mit Judith Albertat, Gr\u00fcnderin des Stiftungsfonds I For Lyme\" \/>\n<meta property=\"og:description\" content=\"Interview mit Judith Albertat, Naturheilpraktikerin, ehemalige Linienpilotin, Gr\u00fcnderin des Stiftungsfonds &#8222;I For Lyme&#8220; und Mitbegr\u00fcnderin des Vereins &#8222;Lyme sans fronti\u00e8re&#8220; (Lyme ohne Grenzen). Judith hat auch zwei B\u00fccher \u00fcber die Lyme-Borreliose geschrieben. Was ist Ihr Werdegang: Wie und warum sind Sie Naturheilpraktikerin geworden? Ich glaube, mein Werdegang ist der eines jeden Forschers, der von einer [&hellip;]\" \/>\n<meta property=\"og:url\" content=\"https:\/\/www.echlorial.de.com\/blog\/albertat-lyme-2\/\" \/>\n<meta property=\"og:site_name\" content=\"eChlorial\" \/>\n<meta property=\"article:published_time\" content=\"2018-04-05T13:56:05+00:00\" \/>\n<meta property=\"article:modified_time\" content=\"2023-05-05T16:03:18+00:00\" \/>\n<meta property=\"og:image\" content=\"https:\/\/www.echlorial.fr\/blog\/wp-content\/uploads\/2018\/04\/LymeSolutionNaturelle2.jpg\" \/>\n<meta name=\"author\" content=\"admin_echlorial\" \/>\n<meta name=\"twitter:label1\" content=\"Verfasst von\" \/>\n\t<meta name=\"twitter:data1\" content=\"admin_echlorial\" \/>\n\t<meta name=\"twitter:label2\" content=\"Gesch\u00e4tzte Lesezeit\" \/>\n\t<meta name=\"twitter:data2\" content=\"5\u00a0Minuten\" \/>\n<script type=\"application\/ld+json\" class=\"yoast-schema-graph\">{\"@context\":\"https:\/\/schema.org\",\"@graph\":[{\"@type\":\"WebPage\",\"@id\":\"https:\/\/www.echlorial.de.com\/blog\/albertat-lyme-2\/\",\"url\":\"https:\/\/www.echlorial.de.com\/blog\/albertat-lyme-2\/\",\"name\":\"Interview mit Judith Albertat, Gr\u00fcnderin des Stiftungsfonds I For Lyme\",\"isPartOf\":{\"@id\":\"https:\/\/www.echlorial.fr\/blog\/#website\"},\"datePublished\":\"2018-04-05T13:56:05+00:00\",\"dateModified\":\"2023-05-05T16:03:18+00:00\",\"author\":{\"@id\":\"https:\/\/www.echlorial.fr\/blog\/#\/schema\/person\/0e76c63d04141dd4ae797ce19887e7a6\"},\"breadcrumb\":{\"@id\":\"https:\/\/www.echlorial.de.com\/blog\/albertat-lyme-2\/#breadcrumb\"},\"inLanguage\":\"de\",\"potentialAction\":[{\"@type\":\"ReadAction\",\"target\":[\"https:\/\/www.echlorial.de.com\/blog\/albertat-lyme-2\/\"]}]},{\"@type\":\"BreadcrumbList\",\"@id\":\"https:\/\/www.echlorial.de.com\/blog\/albertat-lyme-2\/#breadcrumb\",\"itemListElement\":[{\"@type\":\"ListItem\",\"position\":1,\"name\":\"Startseite\",\"item\":\"https:\/\/www.echlorial.de.com\/\"},{\"@type\":\"ListItem\",\"position\":2,\"name\":\"Interviews\",\"item\":\"https:\/\/www.echlorial.fr\/blog\/category\/interviews\/\"},{\"@type\":\"ListItem\",\"position\":3,\"name\":\"Interview mit Judith Albertat, Gr\u00fcnderin des Stiftungsfonds I For Lyme\"}]},{\"@type\":\"WebSite\",\"@id\":\"https:\/\/www.echlorial.fr\/blog\/#website\",\"url\":\"https:\/\/www.echlorial.fr\/blog\/\",\"name\":\"eChlorial\",\"description\":\"Chlorella extra pure cultiv\u00e9e sous tube de verre en Allemagne\",\"potentialAction\":[{\"@type\":\"SearchAction\",\"target\":{\"@type\":\"EntryPoint\",\"urlTemplate\":\"https:\/\/www.echlorial.fr\/blog\/?s={search_term_string}\"},\"query-input\":\"required name=search_term_string\"}],\"inLanguage\":\"de\"},{\"@type\":\"Person\",\"@id\":\"https:\/\/www.echlorial.fr\/blog\/#\/schema\/person\/0e76c63d04141dd4ae797ce19887e7a6\",\"name\":\"admin_echlorial\",\"sameAs\":[\"http:\/\/www.echlorial.fr\"],\"url\":\"https:\/\/www.echlorial.de.com\/blog\/author\/admin_echlorial\/\"}]}<\/script>\n<!-- \/ Yoast SEO plugin. -->","yoast_head_json":{"title":"Interview mit Judith Albertat, Gr\u00fcnderin des Stiftungsfonds I For Lyme","robots":{"index":"index","follow":"follow","max-snippet":"max-snippet:-1","max-image-preview":"max-image-preview:large","max-video-preview":"max-video-preview:-1"},"canonical":"https:\/\/www.echlorial.de.com\/blog\/albertat-lyme-2\/","og_locale":"de_DE","og_type":"article","og_title":"Interview mit Judith Albertat, Gr\u00fcnderin des Stiftungsfonds I For Lyme","og_description":"Interview mit Judith Albertat, Naturheilpraktikerin, ehemalige Linienpilotin, Gr\u00fcnderin des Stiftungsfonds &#8222;I For Lyme&#8220; und Mitbegr\u00fcnderin des Vereins &#8222;Lyme sans fronti\u00e8re&#8220; (Lyme ohne Grenzen). Judith hat auch zwei B\u00fccher \u00fcber die Lyme-Borreliose geschrieben. Was ist Ihr Werdegang: Wie und warum sind Sie Naturheilpraktikerin geworden? Ich glaube, mein Werdegang ist der eines jeden Forschers, der von einer [&hellip;]","og_url":"https:\/\/www.echlorial.de.com\/blog\/albertat-lyme-2\/","og_site_name":"eChlorial","article_published_time":"2018-04-05T13:56:05+00:00","article_modified_time":"2023-05-05T16:03:18+00:00","og_image":[{"url":"https:\/\/www.echlorial.fr\/blog\/wp-content\/uploads\/2018\/04\/LymeSolutionNaturelle2.jpg"}],"author":"admin_echlorial","twitter_misc":{"Verfasst von":"admin_echlorial","Gesch\u00e4tzte Lesezeit":"5\u00a0Minuten"},"schema":{"@context":"https:\/\/schema.org","@graph":[{"@type":"WebPage","@id":"https:\/\/www.echlorial.de.com\/blog\/albertat-lyme-2\/","url":"https:\/\/www.echlorial.de.com\/blog\/albertat-lyme-2\/","name":"Interview mit Judith Albertat, Gr\u00fcnderin des Stiftungsfonds I For Lyme","isPartOf":{"@id":"https:\/\/www.echlorial.fr\/blog\/#website"},"datePublished":"2018-04-05T13:56:05+00:00","dateModified":"2023-05-05T16:03:18+00:00","author":{"@id":"https:\/\/www.echlorial.fr\/blog\/#\/schema\/person\/0e76c63d04141dd4ae797ce19887e7a6"},"breadcrumb":{"@id":"https:\/\/www.echlorial.de.com\/blog\/albertat-lyme-2\/#breadcrumb"},"inLanguage":"de","potentialAction":[{"@type":"ReadAction","target":["https:\/\/www.echlorial.de.com\/blog\/albertat-lyme-2\/"]}]},{"@type":"BreadcrumbList","@id":"https:\/\/www.echlorial.de.com\/blog\/albertat-lyme-2\/#breadcrumb","itemListElement":[{"@type":"ListItem","position":1,"name":"Startseite","item":"https:\/\/www.echlorial.de.com\/"},{"@type":"ListItem","position":2,"name":"Interviews","item":"https:\/\/www.echlorial.fr\/blog\/category\/interviews\/"},{"@type":"ListItem","position":3,"name":"Interview mit Judith Albertat, Gr\u00fcnderin des Stiftungsfonds I For Lyme"}]},{"@type":"WebSite","@id":"https:\/\/www.echlorial.fr\/blog\/#website","url":"https:\/\/www.echlorial.fr\/blog\/","name":"eChlorial","description":"Chlorella extra pure cultiv\u00e9e sous tube de verre en Allemagne","potentialAction":[{"@type":"SearchAction","target":{"@type":"EntryPoint","urlTemplate":"https:\/\/www.echlorial.fr\/blog\/?s={search_term_string}"},"query-input":"required name=search_term_string"}],"inLanguage":"de"},{"@type":"Person","@id":"https:\/\/www.echlorial.fr\/blog\/#\/schema\/person\/0e76c63d04141dd4ae797ce19887e7a6","name":"admin_echlorial","sameAs":["http:\/\/www.echlorial.fr"],"url":"https:\/\/www.echlorial.de.com\/blog\/author\/admin_echlorial\/"}]}},"_links":{"self":[{"href":"https:\/\/www.echlorial.de.com\/blog\/wp-json\/wp\/v2\/posts\/8570"}],"collection":[{"href":"https:\/\/www.echlorial.de.com\/blog\/wp-json\/wp\/v2\/posts"}],"about":[{"href":"https:\/\/www.echlorial.de.com\/blog\/wp-json\/wp\/v2\/types\/post"}],"author":[{"embeddable":true,"href":"https:\/\/www.echlorial.de.com\/blog\/wp-json\/wp\/v2\/users\/1"}],"replies":[{"embeddable":true,"href":"https:\/\/www.echlorial.de.com\/blog\/wp-json\/wp\/v2\/comments?post=8570"}],"version-history":[{"count":1,"href":"https:\/\/www.echlorial.de.com\/blog\/wp-json\/wp\/v2\/posts\/8570\/revisions"}],"predecessor-version":[{"id":8734,"href":"https:\/\/www.echlorial.de.com\/blog\/wp-json\/wp\/v2\/posts\/8570\/revisions\/8734"}],"wp:attachment":[{"href":"https:\/\/www.echlorial.de.com\/blog\/wp-json\/wp\/v2\/media?parent=8570"}],"wp:term":[{"taxonomy":"category","embeddable":true,"href":"https:\/\/www.echlorial.de.com\/blog\/wp-json\/wp\/v2\/categories?post=8570"},{"taxonomy":"post_tag","embeddable":true,"href":"https:\/\/www.echlorial.de.com\/blog\/wp-json\/wp\/v2\/tags?post=8570"}],"curies":[{"name":"wp","href":"https:\/\/api.w.org\/{rel}","templated":true}]}}