{"id":8504,"date":"2015-11-30T13:10:22","date_gmt":"2015-11-30T13:10:22","guid":{"rendered":"https:\/\/www.echlorial.fr\/blog\/chlorella-ameliore-schlaf\/"},"modified":"2015-11-30T13:10:22","modified_gmt":"2015-11-30T13:10:22","slug":"chlorella-ameliore-schlaf","status":"publish","type":"post","link":"https:\/\/www.echlorial.de.com\/blog\/chlorella-ameliore-schlaf\/","title":{"rendered":"Allgemeines Bessersein"},"content":{"rendered":"\n<p><span style=\"font-size: 12pt;\">ich habe Chlorella meiner Tochter empfohlen, die seit ihrer Kindheit stark schnarcht und an Schlafapnoe leidet. Sie f\u00fchlt sich schon viel besser, obwohl es erst eine Woche her ist.<\/span><\/p>\n\n\n\n<p><span style=\"font-size: 12pt;\">Mein Hund hat sich viel gekratzt, und ich gebe es ihm gleichzeitig mit mir: Er liebt es und verlangt es&#8230; und kratzt sich viel weniger.<\/span><\/p>\n\n\n\n<p><span style=\"font-size: 12pt;\">Ich bin \u00fcbrigens Physiotherapeutin und experimentiere mit vielen Nahrungserg\u00e4nzungsmitteln und Labors, um meinen Patienten Ratschl\u00e4ge geben zu k\u00f6nnen: Ich denke, ich kann sagen, dass Ihre Chlorella qualitativ hochwertig und wirksam ist.<\/span><\/p>\n\n\n\n<p><\/p>\n","protected":false},"excerpt":{"rendered":"<p>ich habe Chlorella meiner Tochter empfohlen, die seit ihrer Kindheit stark schnarcht und an Schlafapnoe leidet. Sie f\u00fchlt sich schon viel besser, obwohl es erst eine Woche her ist. Mein Hund hat sich viel gekratzt, und ich gebe es ihm gleichzeitig mit mir: Er liebt es und verlangt es&#8230; und kratzt sich viel weniger. Ich [&hellip;]<\/p>\n","protected":false},"author":1,"featured_media":0,"comment_status":"open","ping_status":"open","sticky":false,"template":"","format":"standard","meta":[],"categories":[467,490,470,475],"tags":[],"acf":[],"yoast_head":"<!-- This site is optimized with the Yoast SEO plugin v19.7.1 - https:\/\/yoast.com\/wordpress\/plugins\/seo\/ -->\n<title>Allgemeines Bessersein<\/title>\n<meta name=\"description\" content=\"ich habe Chlorella meiner Tochter empfohlen, die seit ihrer Kindheit viel schnarcht und an Schlafapnoe leidet. Sie f\u00fchlt sich in nur 1 Woche viel besser\" \/>\n<meta name=\"robots\" content=\"index, follow, max-snippet:-1, max-image-preview:large, max-video-preview:-1\" \/>\n<link rel=\"canonical\" href=\"https:\/\/www.echlorial.de.com\/blog\/chlorella-ameliore-schlaf\/\" \/>\n<meta property=\"og:locale\" content=\"de_DE\" \/>\n<meta property=\"og:type\" content=\"article\" \/>\n<meta property=\"og:title\" content=\"Allgemeines Bessersein\" \/>\n<meta property=\"og:description\" content=\"ich habe Chlorella meiner Tochter empfohlen, die seit ihrer Kindheit viel schnarcht und an Schlafapnoe leidet. Sie f\u00fchlt sich in nur 1 Woche viel besser\" \/>\n<meta property=\"og:url\" content=\"https:\/\/www.echlorial.de.com\/blog\/chlorella-ameliore-schlaf\/\" \/>\n<meta property=\"og:site_name\" content=\"eChlorial\" \/>\n<meta property=\"article:published_time\" content=\"2015-11-30T13:10:22+00:00\" \/>\n<meta name=\"author\" content=\"admin_echlorial\" \/>\n<meta name=\"twitter:label1\" content=\"Verfasst von\" \/>\n\t<meta name=\"twitter:data1\" content=\"admin_echlorial\" \/>\n<script type=\"application\/ld+json\" class=\"yoast-schema-graph\">{\"@context\":\"https:\/\/schema.org\",\"@graph\":[{\"@type\":\"WebPage\",\"@id\":\"https:\/\/www.echlorial.de.com\/blog\/chlorella-ameliore-schlaf\/\",\"url\":\"https:\/\/www.echlorial.de.com\/blog\/chlorella-ameliore-schlaf\/\",\"name\":\"Allgemeines Bessersein\",\"isPartOf\":{\"@id\":\"https:\/\/www.echlorial.de.com\/blog\/#website\"},\"datePublished\":\"2015-11-30T13:10:22+00:00\",\"dateModified\":\"2015-11-30T13:10:22+00:00\",\"author\":{\"@id\":\"https:\/\/www.echlorial.de.com\/blog\/#\/schema\/person\/0e76c63d04141dd4ae797ce19887e7a6\"},\"description\":\"ich habe Chlorella meiner Tochter empfohlen, die seit ihrer Kindheit viel schnarcht und an Schlafapnoe leidet. Sie f\u00fchlt sich in nur 1 Woche viel besser\",\"breadcrumb\":{\"@id\":\"https:\/\/www.echlorial.de.com\/blog\/chlorella-ameliore-schlaf\/#breadcrumb\"},\"inLanguage\":\"de\",\"potentialAction\":[{\"@type\":\"ReadAction\",\"target\":[\"https:\/\/www.echlorial.de.com\/blog\/chlorella-ameliore-schlaf\/\"]}]},{\"@type\":\"BreadcrumbList\",\"@id\":\"https:\/\/www.echlorial.de.com\/blog\/chlorella-ameliore-schlaf\/#breadcrumb\",\"itemListElement\":[{\"@type\":\"ListItem\",\"position\":1,\"name\":\"Startseite\",\"item\":\"https:\/\/www.echlorial.de.com\/\"},{\"@type\":\"ListItem\",\"position\":2,\"name\":\"Erfahrungsberichte\",\"item\":\"https:\/\/www.echlorial.de.com\/blog\/category\/temoignages-de\/\"},{\"@type\":\"ListItem\",\"position\":3,\"name\":\"Schlaf\",\"item\":\"https:\/\/www.echlorial.de.com\/blog\/category\/temoignages-de\/schlaf\/\"},{\"@type\":\"ListItem\",\"position\":4,\"name\":\"Allgemeines Bessersein\"}]},{\"@type\":\"WebSite\",\"@id\":\"https:\/\/www.echlorial.de.com\/blog\/#website\",\"url\":\"https:\/\/www.echlorial.de.com\/blog\/\",\"name\":\"eChlorial\",\"description\":\"Chlorella extra pure cultiv\u00e9e sous tube de verre en Allemagne\",\"potentialAction\":[{\"@type\":\"SearchAction\",\"target\":{\"@type\":\"EntryPoint\",\"urlTemplate\":\"https:\/\/www.echlorial.de.com\/blog\/?s={search_term_string}\"},\"query-input\":\"required name=search_term_string\"}],\"inLanguage\":\"de\"},{\"@type\":\"Person\",\"@id\":\"https:\/\/www.echlorial.de.com\/blog\/#\/schema\/person\/0e76c63d04141dd4ae797ce19887e7a6\",\"name\":\"admin_echlorial\",\"sameAs\":[\"http:\/\/www.echlorial.fr\"],\"url\":\"https:\/\/www.echlorial.de.com\/blog\/author\/admin_echlorial\/\"}]}<\/script>\n<!-- \/ Yoast SEO plugin. -->","yoast_head_json":{"title":"Allgemeines Bessersein","description":"ich habe Chlorella meiner Tochter empfohlen, die seit ihrer Kindheit viel schnarcht und an Schlafapnoe leidet. Sie f\u00fchlt sich in nur 1 Woche viel besser","robots":{"index":"index","follow":"follow","max-snippet":"max-snippet:-1","max-image-preview":"max-image-preview:large","max-video-preview":"max-video-preview:-1"},"canonical":"https:\/\/www.echlorial.de.com\/blog\/chlorella-ameliore-schlaf\/","og_locale":"de_DE","og_type":"article","og_title":"Allgemeines Bessersein","og_description":"ich habe Chlorella meiner Tochter empfohlen, die seit ihrer Kindheit viel schnarcht und an Schlafapnoe leidet. Sie f\u00fchlt sich in nur 1 Woche viel besser","og_url":"https:\/\/www.echlorial.de.com\/blog\/chlorella-ameliore-schlaf\/","og_site_name":"eChlorial","article_published_time":"2015-11-30T13:10:22+00:00","author":"admin_echlorial","twitter_misc":{"Verfasst von":"admin_echlorial"},"schema":{"@context":"https:\/\/schema.org","@graph":[{"@type":"WebPage","@id":"https:\/\/www.echlorial.de.com\/blog\/chlorella-ameliore-schlaf\/","url":"https:\/\/www.echlorial.de.com\/blog\/chlorella-ameliore-schlaf\/","name":"Allgemeines Bessersein","isPartOf":{"@id":"https:\/\/www.echlorial.de.com\/blog\/#website"},"datePublished":"2015-11-30T13:10:22+00:00","dateModified":"2015-11-30T13:10:22+00:00","author":{"@id":"https:\/\/www.echlorial.de.com\/blog\/#\/schema\/person\/0e76c63d04141dd4ae797ce19887e7a6"},"description":"ich habe Chlorella meiner Tochter empfohlen, die seit ihrer Kindheit viel schnarcht und an Schlafapnoe leidet. Sie f\u00fchlt sich in nur 1 Woche viel besser","breadcrumb":{"@id":"https:\/\/www.echlorial.de.com\/blog\/chlorella-ameliore-schlaf\/#breadcrumb"},"inLanguage":"de","potentialAction":[{"@type":"ReadAction","target":["https:\/\/www.echlorial.de.com\/blog\/chlorella-ameliore-schlaf\/"]}]},{"@type":"BreadcrumbList","@id":"https:\/\/www.echlorial.de.com\/blog\/chlorella-ameliore-schlaf\/#breadcrumb","itemListElement":[{"@type":"ListItem","position":1,"name":"Startseite","item":"https:\/\/www.echlorial.de.com\/"},{"@type":"ListItem","position":2,"name":"Erfahrungsberichte","item":"https:\/\/www.echlorial.de.com\/blog\/category\/temoignages-de\/"},{"@type":"ListItem","position":3,"name":"Schlaf","item":"https:\/\/www.echlorial.de.com\/blog\/category\/temoignages-de\/schlaf\/"},{"@type":"ListItem","position":4,"name":"Allgemeines Bessersein"}]},{"@type":"WebSite","@id":"https:\/\/www.echlorial.de.com\/blog\/#website","url":"https:\/\/www.echlorial.de.com\/blog\/","name":"eChlorial","description":"Chlorella extra pure cultiv\u00e9e sous tube de verre en Allemagne","potentialAction":[{"@type":"SearchAction","target":{"@type":"EntryPoint","urlTemplate":"https:\/\/www.echlorial.de.com\/blog\/?s={search_term_string}"},"query-input":"required name=search_term_string"}],"inLanguage":"de"},{"@type":"Person","@id":"https:\/\/www.echlorial.de.com\/blog\/#\/schema\/person\/0e76c63d04141dd4ae797ce19887e7a6","name":"admin_echlorial","sameAs":["http:\/\/www.echlorial.fr"],"url":"https:\/\/www.echlorial.de.com\/blog\/author\/admin_echlorial\/"}]}},"_links":{"self":[{"href":"https:\/\/www.echlorial.de.com\/blog\/wp-json\/wp\/v2\/posts\/8504"}],"collection":[{"href":"https:\/\/www.echlorial.de.com\/blog\/wp-json\/wp\/v2\/posts"}],"about":[{"href":"https:\/\/www.echlorial.de.com\/blog\/wp-json\/wp\/v2\/types\/post"}],"author":[{"embeddable":true,"href":"https:\/\/www.echlorial.de.com\/blog\/wp-json\/wp\/v2\/users\/1"}],"replies":[{"embeddable":true,"href":"https:\/\/www.echlorial.de.com\/blog\/wp-json\/wp\/v2\/comments?post=8504"}],"version-history":[{"count":0,"href":"https:\/\/www.echlorial.de.com\/blog\/wp-json\/wp\/v2\/posts\/8504\/revisions"}],"wp:attachment":[{"href":"https:\/\/www.echlorial.de.com\/blog\/wp-json\/wp\/v2\/media?parent=8504"}],"wp:term":[{"taxonomy":"category","embeddable":true,"href":"https:\/\/www.echlorial.de.com\/blog\/wp-json\/wp\/v2\/categories?post=8504"},{"taxonomy":"post_tag","embeddable":true,"href":"https:\/\/www.echlorial.de.com\/blog\/wp-json\/wp\/v2\/tags?post=8504"}],"curies":[{"name":"wp","href":"https:\/\/api.w.org\/{rel}","templated":true}]}}