{"id":8437,"date":"2015-03-18T20:58:31","date_gmt":"2015-03-18T20:58:31","guid":{"rendered":"https:\/\/www.echlorial.fr\/blog\/sinnliche-und-meine-physische-form-und-moralische-verbesserung\/"},"modified":"2015-03-18T20:58:31","modified_gmt":"2015-03-18T20:58:31","slug":"sinnliche-und-meine-physische-form-und-moralische-verbesserung","status":"publish","type":"post","link":"https:\/\/www.echlorial.de.com\/blog\/sinnliche-und-meine-physische-form-und-moralische-verbesserung\/","title":{"rendered":"Verbesserung meiner k\u00f6rperlichen und seelischen Verfassung"},"content":{"rendered":"<p>Seit fast zwei Jahren nehme ich regelm\u00e4\u00dfig Chlorella ein&#8230; Was soll ich sagen, au\u00dfer dass ich einfach eine deutliche Verbesserung meiner k\u00f6rperlichen Verfassung und meiner Moral festgestellt habe&#8230;<\/p>\n<p>Da ich immer wieder mal deprimiert bin und nicht in den Rahmen einer sogenannten klassischen &#8222;Behandlung&#8220; passen m\u00f6chte, habe ich mich eher f\u00fcr die Aufwertung als f\u00fcr die Bew\u00e4ltigung meines Zustands entschieden. Und es funktioniert, also erlaube ich mir, Ihnen dieses Produkt zu empfehlen, das vollgepackt ist mit Aminos\u00e4uren und au\u00dferdem nat\u00fcrlich entschlackend wirkt. Gesundheit f\u00fcr alle.<\/p>\n<p>Mit freundlichen Gr\u00fc\u00dfen,<\/p>\n<p><strong>Olivier<\/strong><\/p>\n","protected":false},"excerpt":{"rendered":"<p>Seit fast zwei Jahren nehme ich regelm\u00e4\u00dfig Chlorella ein&#8230; Was soll ich sagen, au\u00dfer dass ich einfach eine deutliche Verbesserung meiner k\u00f6rperlichen Verfassung und meiner Moral festgestellt habe&#8230; Da ich immer wieder mal deprimiert bin und nicht in den Rahmen einer sogenannten klassischen &#8222;Behandlung&#8220; passen m\u00f6chte, habe ich mich eher f\u00fcr die Aufwertung als f\u00fcr [&hellip;]<\/p>\n","protected":false},"author":1,"featured_media":0,"comment_status":"open","ping_status":"open","sticky":false,"template":"","format":"standard","meta":[],"categories":[467,475],"tags":[],"acf":[],"yoast_head":"<!-- This site is optimized with the Yoast SEO plugin v19.7.1 - https:\/\/yoast.com\/wordpress\/plugins\/seo\/ -->\n<title>Verbesserung meiner k\u00f6rperlichen und seelischen Verfassung<\/title>\n<meta name=\"robots\" content=\"index, follow, max-snippet:-1, max-image-preview:large, max-video-preview:-1\" \/>\n<link rel=\"canonical\" href=\"https:\/\/www.echlorial.de.com\/blog\/sinnliche-und-meine-physische-form-und-moralische-verbesserung\/\" \/>\n<meta property=\"og:locale\" content=\"de_DE\" \/>\n<meta property=\"og:type\" content=\"article\" \/>\n<meta property=\"og:title\" content=\"Verbesserung meiner k\u00f6rperlichen und seelischen Verfassung\" \/>\n<meta property=\"og:description\" content=\"Seit fast zwei Jahren nehme ich regelm\u00e4\u00dfig Chlorella ein&#8230; Was soll ich sagen, au\u00dfer dass ich einfach eine deutliche Verbesserung meiner k\u00f6rperlichen Verfassung und meiner Moral festgestellt habe&#8230; Da ich immer wieder mal deprimiert bin und nicht in den Rahmen einer sogenannten klassischen &#8222;Behandlung&#8220; passen m\u00f6chte, habe ich mich eher f\u00fcr die Aufwertung als f\u00fcr [&hellip;]\" \/>\n<meta property=\"og:url\" content=\"https:\/\/www.echlorial.de.com\/blog\/sinnliche-und-meine-physische-form-und-moralische-verbesserung\/\" \/>\n<meta property=\"og:site_name\" content=\"eChlorial\" \/>\n<meta property=\"article:published_time\" content=\"2015-03-18T20:58:31+00:00\" \/>\n<meta name=\"author\" content=\"admin_echlorial\" \/>\n<meta name=\"twitter:label1\" content=\"Verfasst von\" \/>\n\t<meta name=\"twitter:data1\" content=\"admin_echlorial\" \/>\n\t<meta name=\"twitter:label2\" content=\"Gesch\u00e4tzte Lesezeit\" \/>\n\t<meta name=\"twitter:data2\" content=\"1\u00a0Minute\" \/>\n<script type=\"application\/ld+json\" class=\"yoast-schema-graph\">{\"@context\":\"https:\/\/schema.org\",\"@graph\":[{\"@type\":\"WebPage\",\"@id\":\"https:\/\/www.echlorial.de.com\/blog\/sinnliche-und-meine-physische-form-und-moralische-verbesserung\/\",\"url\":\"https:\/\/www.echlorial.de.com\/blog\/sinnliche-und-meine-physische-form-und-moralische-verbesserung\/\",\"name\":\"Verbesserung meiner k\u00f6rperlichen und seelischen Verfassung\",\"isPartOf\":{\"@id\":\"https:\/\/www.echlorial.com\/blog\/#website\"},\"datePublished\":\"2015-03-18T20:58:31+00:00\",\"dateModified\":\"2015-03-18T20:58:31+00:00\",\"author\":{\"@id\":\"https:\/\/www.echlorial.com\/blog\/#\/schema\/person\/0e76c63d04141dd4ae797ce19887e7a6\"},\"breadcrumb\":{\"@id\":\"https:\/\/www.echlorial.de.com\/blog\/sinnliche-und-meine-physische-form-und-moralische-verbesserung\/#breadcrumb\"},\"inLanguage\":\"de\",\"potentialAction\":[{\"@type\":\"ReadAction\",\"target\":[\"https:\/\/www.echlorial.de.com\/blog\/sinnliche-und-meine-physische-form-und-moralische-verbesserung\/\"]}]},{\"@type\":\"BreadcrumbList\",\"@id\":\"https:\/\/www.echlorial.de.com\/blog\/sinnliche-und-meine-physische-form-und-moralische-verbesserung\/#breadcrumb\",\"itemListElement\":[{\"@type\":\"ListItem\",\"position\":1,\"name\":\"Startseite\",\"item\":\"https:\/\/www.echlorial.de.com\/\"},{\"@type\":\"ListItem\",\"position\":2,\"name\":\"Erfahrungsberichte\",\"item\":\"https:\/\/www.echlorial.de.com\/blog\/category\/temoignages-de\/\"},{\"@type\":\"ListItem\",\"position\":3,\"name\":\"Wohlbefinden\",\"item\":\"https:\/\/www.echlorial.de.com\/blog\/category\/temoignages-de\/wohlbefinden\/\"},{\"@type\":\"ListItem\",\"position\":4,\"name\":\"Verbesserung meiner k\u00f6rperlichen und seelischen Verfassung\"}]},{\"@type\":\"WebSite\",\"@id\":\"https:\/\/www.echlorial.com\/blog\/#website\",\"url\":\"https:\/\/www.echlorial.com\/blog\/\",\"name\":\"eChlorial\",\"description\":\"Chlorella extra pure cultiv\u00e9e sous tube de verre en Allemagne\",\"potentialAction\":[{\"@type\":\"SearchAction\",\"target\":{\"@type\":\"EntryPoint\",\"urlTemplate\":\"https:\/\/www.echlorial.com\/blog\/?s={search_term_string}\"},\"query-input\":\"required name=search_term_string\"}],\"inLanguage\":\"de\"},{\"@type\":\"Person\",\"@id\":\"https:\/\/www.echlorial.com\/blog\/#\/schema\/person\/0e76c63d04141dd4ae797ce19887e7a6\",\"name\":\"admin_echlorial\",\"sameAs\":[\"http:\/\/www.echlorial.fr\"],\"url\":\"https:\/\/www.echlorial.de.com\/blog\/author\/admin_echlorial\/\"}]}<\/script>\n<!-- \/ Yoast SEO plugin. -->","yoast_head_json":{"title":"Verbesserung meiner k\u00f6rperlichen und seelischen Verfassung","robots":{"index":"index","follow":"follow","max-snippet":"max-snippet:-1","max-image-preview":"max-image-preview:large","max-video-preview":"max-video-preview:-1"},"canonical":"https:\/\/www.echlorial.de.com\/blog\/sinnliche-und-meine-physische-form-und-moralische-verbesserung\/","og_locale":"de_DE","og_type":"article","og_title":"Verbesserung meiner k\u00f6rperlichen und seelischen Verfassung","og_description":"Seit fast zwei Jahren nehme ich regelm\u00e4\u00dfig Chlorella ein&#8230; Was soll ich sagen, au\u00dfer dass ich einfach eine deutliche Verbesserung meiner k\u00f6rperlichen Verfassung und meiner Moral festgestellt habe&#8230; Da ich immer wieder mal deprimiert bin und nicht in den Rahmen einer sogenannten klassischen &#8222;Behandlung&#8220; passen m\u00f6chte, habe ich mich eher f\u00fcr die Aufwertung als f\u00fcr [&hellip;]","og_url":"https:\/\/www.echlorial.de.com\/blog\/sinnliche-und-meine-physische-form-und-moralische-verbesserung\/","og_site_name":"eChlorial","article_published_time":"2015-03-18T20:58:31+00:00","author":"admin_echlorial","twitter_misc":{"Verfasst von":"admin_echlorial","Gesch\u00e4tzte Lesezeit":"1\u00a0Minute"},"schema":{"@context":"https:\/\/schema.org","@graph":[{"@type":"WebPage","@id":"https:\/\/www.echlorial.de.com\/blog\/sinnliche-und-meine-physische-form-und-moralische-verbesserung\/","url":"https:\/\/www.echlorial.de.com\/blog\/sinnliche-und-meine-physische-form-und-moralische-verbesserung\/","name":"Verbesserung meiner k\u00f6rperlichen und seelischen Verfassung","isPartOf":{"@id":"https:\/\/www.echlorial.com\/blog\/#website"},"datePublished":"2015-03-18T20:58:31+00:00","dateModified":"2015-03-18T20:58:31+00:00","author":{"@id":"https:\/\/www.echlorial.com\/blog\/#\/schema\/person\/0e76c63d04141dd4ae797ce19887e7a6"},"breadcrumb":{"@id":"https:\/\/www.echlorial.de.com\/blog\/sinnliche-und-meine-physische-form-und-moralische-verbesserung\/#breadcrumb"},"inLanguage":"de","potentialAction":[{"@type":"ReadAction","target":["https:\/\/www.echlorial.de.com\/blog\/sinnliche-und-meine-physische-form-und-moralische-verbesserung\/"]}]},{"@type":"BreadcrumbList","@id":"https:\/\/www.echlorial.de.com\/blog\/sinnliche-und-meine-physische-form-und-moralische-verbesserung\/#breadcrumb","itemListElement":[{"@type":"ListItem","position":1,"name":"Startseite","item":"https:\/\/www.echlorial.de.com\/"},{"@type":"ListItem","position":2,"name":"Erfahrungsberichte","item":"https:\/\/www.echlorial.de.com\/blog\/category\/temoignages-de\/"},{"@type":"ListItem","position":3,"name":"Wohlbefinden","item":"https:\/\/www.echlorial.de.com\/blog\/category\/temoignages-de\/wohlbefinden\/"},{"@type":"ListItem","position":4,"name":"Verbesserung meiner k\u00f6rperlichen und seelischen Verfassung"}]},{"@type":"WebSite","@id":"https:\/\/www.echlorial.com\/blog\/#website","url":"https:\/\/www.echlorial.com\/blog\/","name":"eChlorial","description":"Chlorella extra pure cultiv\u00e9e sous tube de verre en Allemagne","potentialAction":[{"@type":"SearchAction","target":{"@type":"EntryPoint","urlTemplate":"https:\/\/www.echlorial.com\/blog\/?s={search_term_string}"},"query-input":"required name=search_term_string"}],"inLanguage":"de"},{"@type":"Person","@id":"https:\/\/www.echlorial.com\/blog\/#\/schema\/person\/0e76c63d04141dd4ae797ce19887e7a6","name":"admin_echlorial","sameAs":["http:\/\/www.echlorial.fr"],"url":"https:\/\/www.echlorial.de.com\/blog\/author\/admin_echlorial\/"}]}},"_links":{"self":[{"href":"https:\/\/www.echlorial.de.com\/blog\/wp-json\/wp\/v2\/posts\/8437"}],"collection":[{"href":"https:\/\/www.echlorial.de.com\/blog\/wp-json\/wp\/v2\/posts"}],"about":[{"href":"https:\/\/www.echlorial.de.com\/blog\/wp-json\/wp\/v2\/types\/post"}],"author":[{"embeddable":true,"href":"https:\/\/www.echlorial.de.com\/blog\/wp-json\/wp\/v2\/users\/1"}],"replies":[{"embeddable":true,"href":"https:\/\/www.echlorial.de.com\/blog\/wp-json\/wp\/v2\/comments?post=8437"}],"version-history":[{"count":0,"href":"https:\/\/www.echlorial.de.com\/blog\/wp-json\/wp\/v2\/posts\/8437\/revisions"}],"wp:attachment":[{"href":"https:\/\/www.echlorial.de.com\/blog\/wp-json\/wp\/v2\/media?parent=8437"}],"wp:term":[{"taxonomy":"category","embeddable":true,"href":"https:\/\/www.echlorial.de.com\/blog\/wp-json\/wp\/v2\/categories?post=8437"},{"taxonomy":"post_tag","embeddable":true,"href":"https:\/\/www.echlorial.de.com\/blog\/wp-json\/wp\/v2\/tags?post=8437"}],"curies":[{"name":"wp","href":"https:\/\/api.w.org\/{rel}","templated":true}]}}