{"id":8419,"date":"2015-03-18T17:54:31","date_gmt":"2015-03-18T17:54:31","guid":{"rendered":"https:\/\/www.echlorial.fr\/blog\/tonus-und-allergien-wird-weniger\/"},"modified":"2015-03-18T17:54:31","modified_gmt":"2015-03-18T17:54:31","slug":"tonus-und-allergien-wird-weniger","status":"publish","type":"post","link":"https:\/\/www.echlorial.de.com\/blog\/tonus-und-allergien-wird-weniger\/","title":{"rendered":"Neuer Tonus und weniger Allergien"},"content":{"rendered":"\n<p>Mit Chlorella habe ich meine Schlafqualit\u00e4t verbessert, bin wieder fit und vor allem sind meine Allergien zur\u00fcckgegangen.<\/p>\n\n\n\n<p>Von Beginn der Einnahme von Chlorella an verbesserte sich meine Schlafqualit\u00e4t und ich f\u00fchlte mich tags\u00fcber fitter.<\/p>\n\n\n\n<p>Letzte Woche war ich wieder bei meinem Allergologen, eineinhalb Jahre nach meinem letzten Besuch. Nachdem er seine Testbatterie durchgef\u00fchrt hatte, riet er mir zu meiner \u00dcberraschung, die Dosis der Kortikosteroide zu reduzieren.<br>Ich schulde Ihnen diese Zeilen, da ich mit der regelm\u00e4\u00dfigen Einnahme von Chlorella begonnen habe, nachdem ich Ihre Pr\u00e4sentation geh\u00f6rt hatte. Es war das Argument \u00fcber die Reduzierung von Entz\u00fcndungsph\u00e4nomenen, das meine Aufmerksamkeit erregte.<\/p>\n\n\n\n<p>Ich leide n\u00e4mlich seit Jahren an einer chronischen Bronchitis mit allen begleitenden Symptomen: anhaltender Erk\u00e4ltungshusten und je nach Jahreszeit Atemnot, Asthma und eine hohe Infektionsanf\u00e4lligkeit mit Antibiotikaeinnahme. W\u00e4hrend diese Symptome fr\u00fcher nur w\u00e4hrend der Pollenflugzeit auftraten, haben sie sich allm\u00e4hlich auf das ganze Jahr ausgedehnt.<br>Mit 58 Jahren hatte ich das Gef\u00fchl, dass mir keine Ruhe mehr verg\u00f6nnt war, und manchmal fragte ich mich, wie weit mich die Verschlimmerung der Krankheit noch bringen w\u00fcrde.<\/p>\n\n\n\n<p>Die Schulmedizin hat mir auf jeden Fall geholfen. Im Laufe der Jahre habe ich zwei Desensibilisierungsbehandlungen durchgef\u00fchrt, eine Injektion und eine orale Behandlung, die die Anzeichen der Gr\u00e4serpollenallergie stark reduziert haben. Als sich die Bronchitis verschlimmerte, musste ich inhalative Kortikosteroide in verschiedenen Formen einnehmen. Vor anderthalb Jahren riet mir mein Allergologe aufgrund der Ergebnisse seiner Testbatterie, die Dosis zu verdoppeln, und ich befolgte seinen Rat.<br>Ich begann im Juli letzten Jahres, also vor 10 Monaten, mit der Einnahme von Chlorella. In der ersten Phase nahm ich morgens auf n\u00fcchternen Magen 10 Echlorial-Tabletten ein. Ich habe keine besondere Verbesserung bei dem Kriterium, das mich interessierte, festgestellt. Dagegen verbesserte sich meine Schlafqualit\u00e4t und ich f\u00fchlte mich tags\u00fcber fitter.<\/p>\n\n\n\n<p>Der letzte Herbst war nicht besonders gut: drei aufeinanderfolgende Infektionen, die mit drei Antibiotikabehandlungen behandelt wurden, und der Januar sah \u00e4hnlich aus, als mir klar wurde, dass ich die Nasennebenh\u00f6hlenentz\u00fcndung, die die Bronchialinfektion verursacht hatte, behandeln musste. Auf Anraten eines befreundeten Arztes tat ich dies auf einfache Weise durch Instillation von Salzwasser mit einer Konzentration von 1 % (physiologische Fl\u00fcssigkeit) und einem Schwefelderivat in die Nase. Zum ersten Mal gelang es mir, eine Infektion ohne die Hilfe von Antibiotika zu besiegen. Chlorella schien zu funktionieren!<\/p>\n\n\n\n<p>W\u00e4hrend der gesamten folgenden Zeit versuchte ich, die Einnahme der Mikroalgen zu optimieren. Ich stellte fest, dass die Einnahme auf n\u00fcchternen Magen am Morgen oder ein-, zwei- oder dreimal w\u00e4hrend des Tages oder vor, w\u00e4hrend oder nach einer Mahlzeit erfolgen konnte. Es spielte keine Rolle, das Ergebnis war das gleiche. Ich habe auch mit der Menge gespielt und bin jetzt bei drei Einnahmen pro Tag von je 5 Tabletten nach den Mahlzeiten, also insgesamt 15 Tabletten oder 4,5 Gramm pro Tag.<\/p>\n\n\n\n<p>Letzte Woche war ich wieder bei meinem Allergologen, eineinhalb Jahre nach meinem letzten Besuch. Nachdem er seine Testbatterie durchgef\u00fchrt hatte, riet er mir zu meiner \u00dcberraschung, die Dosis der Kortikosteroide zu reduzieren. Ich habe in dem Moment nicht an die Eigenschaften der Algen gedacht und vergessen, ihm meine Vorgehensweise zu erkl\u00e4ren. Aber ich gebe zu, dass ich mich besser f\u00fchle. Ich habe sogar meine Joggingrunden wieder aufgenommen, die ich vor einigen Jahren durch Spazierg\u00e4nge ersetzt hatte. Ich warte nun auf den Beginn der Gr\u00e4serpollensaison und bereite mich darauf vor, die Dosis w\u00e4hrend dieser drei bis vier Wochen, die f\u00fcr mich am schlimmsten sind, wenn n\u00f6tig noch weiter zu erh\u00f6hen.<\/p>\n\n\n\n<p>Ich hoffe, dass dieser Erfahrungsbericht f\u00fcr andere Personen, die unter demselben \u00c4rger leiden, hilfreich ist. Noch ein Rat f\u00fcr sie: Geben Sie die Einnahme von Chlorella nicht auf, wenn es nicht sofort funktioniert, und versuchen Sie, die Einnahme zu optimieren, wie ich es getan habe. Es handelt sich nicht um ein Medikament, sondern um eine Pflanze, ein Nahrungsmittel, das einfach besondere Eigenschaften hat. Es heilt nicht, aber es lindert.<\/p>\n\n\n\n<p>\u00dcber die empfohlene Dosis von 3 Gramm pro Tag f\u00fcr Erwachsene hinaus muss sie jeder an seinen individuellen Fall anpassen. Und wenn Echlorial bei Bronchitis wirkt, wie sieht es dann bei anderen entz\u00fcndlichen Erkrankungen aus?<\/p>\n","protected":false},"excerpt":{"rendered":"<p>Mit Chlorella habe ich meine Schlafqualit\u00e4t verbessert, bin wieder fit und vor allem sind meine Allergien zur\u00fcckgegangen. Von Beginn der Einnahme von Chlorella an verbesserte sich meine Schlafqualit\u00e4t und ich f\u00fchlte mich tags\u00fcber fitter. Letzte Woche war ich wieder bei meinem Allergologen, eineinhalb Jahre nach meinem letzten Besuch. Nachdem er seine Testbatterie durchgef\u00fchrt hatte, riet [&hellip;]<\/p>\n","protected":false},"author":1,"featured_media":0,"comment_status":"open","ping_status":"open","sticky":false,"template":"","format":"standard","meta":[],"categories":[473,467,471],"tags":[],"acf":[],"yoast_head":"<!-- This site is optimized with the Yoast SEO plugin v19.7.1 - https:\/\/yoast.com\/wordpress\/plugins\/seo\/ -->\n<title>Neuer Tonus und weniger Allergien<\/title>\n<meta name=\"robots\" content=\"index, follow, max-snippet:-1, max-image-preview:large, max-video-preview:-1\" \/>\n<link rel=\"canonical\" href=\"https:\/\/www.echlorial.de.com\/blog\/tonus-und-allergien-wird-weniger\/\" \/>\n<meta property=\"og:locale\" content=\"de_DE\" \/>\n<meta property=\"og:type\" content=\"article\" \/>\n<meta property=\"og:title\" content=\"Neuer Tonus und weniger Allergien\" \/>\n<meta property=\"og:description\" content=\"Mit Chlorella habe ich meine Schlafqualit\u00e4t verbessert, bin wieder fit und vor allem sind meine Allergien zur\u00fcckgegangen. Von Beginn der Einnahme von Chlorella an verbesserte sich meine Schlafqualit\u00e4t und ich f\u00fchlte mich tags\u00fcber fitter. Letzte Woche war ich wieder bei meinem Allergologen, eineinhalb Jahre nach meinem letzten Besuch. Nachdem er seine Testbatterie durchgef\u00fchrt hatte, riet [&hellip;]\" \/>\n<meta property=\"og:url\" content=\"https:\/\/www.echlorial.de.com\/blog\/tonus-und-allergien-wird-weniger\/\" \/>\n<meta property=\"og:site_name\" content=\"eChlorial\" \/>\n<meta property=\"article:published_time\" content=\"2015-03-18T17:54:31+00:00\" \/>\n<meta name=\"author\" content=\"admin_echlorial\" \/>\n<meta name=\"twitter:label1\" content=\"Verfasst von\" \/>\n\t<meta name=\"twitter:data1\" content=\"admin_echlorial\" \/>\n\t<meta name=\"twitter:label2\" content=\"Gesch\u00e4tzte Lesezeit\" \/>\n\t<meta name=\"twitter:data2\" content=\"4\u00a0Minuten\" \/>\n<script type=\"application\/ld+json\" class=\"yoast-schema-graph\">{\"@context\":\"https:\/\/schema.org\",\"@graph\":[{\"@type\":\"WebPage\",\"@id\":\"https:\/\/www.echlorial.de.com\/blog\/tonus-und-allergien-wird-weniger\/\",\"url\":\"https:\/\/www.echlorial.de.com\/blog\/tonus-und-allergien-wird-weniger\/\",\"name\":\"Neuer Tonus und weniger Allergien\",\"isPartOf\":{\"@id\":\"https:\/\/www.echlorial.fr\/blog\/#website\"},\"datePublished\":\"2015-03-18T17:54:31+00:00\",\"dateModified\":\"2015-03-18T17:54:31+00:00\",\"author\":{\"@id\":\"https:\/\/www.echlorial.fr\/blog\/#\/schema\/person\/0e76c63d04141dd4ae797ce19887e7a6\"},\"breadcrumb\":{\"@id\":\"https:\/\/www.echlorial.de.com\/blog\/tonus-und-allergien-wird-weniger\/#breadcrumb\"},\"inLanguage\":\"de\",\"potentialAction\":[{\"@type\":\"ReadAction\",\"target\":[\"https:\/\/www.echlorial.de.com\/blog\/tonus-und-allergien-wird-weniger\/\"]}]},{\"@type\":\"BreadcrumbList\",\"@id\":\"https:\/\/www.echlorial.de.com\/blog\/tonus-und-allergien-wird-weniger\/#breadcrumb\",\"itemListElement\":[{\"@type\":\"ListItem\",\"position\":1,\"name\":\"Startseite\",\"item\":\"https:\/\/www.echlorial.de.com\/\"},{\"@type\":\"ListItem\",\"position\":2,\"name\":\"Erfahrungsberichte\",\"item\":\"https:\/\/www.echlorial.de.com\/blog\/category\/temoignages-de\/\"},{\"@type\":\"ListItem\",\"position\":3,\"name\":\"Atem, Atmung\",\"item\":\"https:\/\/www.echlorial.de.com\/blog\/category\/temoignages-de\/asthma-de\/\"},{\"@type\":\"ListItem\",\"position\":4,\"name\":\"Neuer Tonus und weniger Allergien\"}]},{\"@type\":\"WebSite\",\"@id\":\"https:\/\/www.echlorial.fr\/blog\/#website\",\"url\":\"https:\/\/www.echlorial.fr\/blog\/\",\"name\":\"eChlorial\",\"description\":\"Chlorella extra pure cultiv\u00e9e sous tube de verre en Allemagne\",\"potentialAction\":[{\"@type\":\"SearchAction\",\"target\":{\"@type\":\"EntryPoint\",\"urlTemplate\":\"https:\/\/www.echlorial.fr\/blog\/?s={search_term_string}\"},\"query-input\":\"required name=search_term_string\"}],\"inLanguage\":\"de\"},{\"@type\":\"Person\",\"@id\":\"https:\/\/www.echlorial.fr\/blog\/#\/schema\/person\/0e76c63d04141dd4ae797ce19887e7a6\",\"name\":\"admin_echlorial\",\"sameAs\":[\"http:\/\/www.echlorial.fr\"],\"url\":\"https:\/\/www.echlorial.de.com\/blog\/author\/admin_echlorial\/\"}]}<\/script>\n<!-- \/ Yoast SEO plugin. -->","yoast_head_json":{"title":"Neuer Tonus und weniger Allergien","robots":{"index":"index","follow":"follow","max-snippet":"max-snippet:-1","max-image-preview":"max-image-preview:large","max-video-preview":"max-video-preview:-1"},"canonical":"https:\/\/www.echlorial.de.com\/blog\/tonus-und-allergien-wird-weniger\/","og_locale":"de_DE","og_type":"article","og_title":"Neuer Tonus und weniger Allergien","og_description":"Mit Chlorella habe ich meine Schlafqualit\u00e4t verbessert, bin wieder fit und vor allem sind meine Allergien zur\u00fcckgegangen. Von Beginn der Einnahme von Chlorella an verbesserte sich meine Schlafqualit\u00e4t und ich f\u00fchlte mich tags\u00fcber fitter. Letzte Woche war ich wieder bei meinem Allergologen, eineinhalb Jahre nach meinem letzten Besuch. Nachdem er seine Testbatterie durchgef\u00fchrt hatte, riet [&hellip;]","og_url":"https:\/\/www.echlorial.de.com\/blog\/tonus-und-allergien-wird-weniger\/","og_site_name":"eChlorial","article_published_time":"2015-03-18T17:54:31+00:00","author":"admin_echlorial","twitter_misc":{"Verfasst von":"admin_echlorial","Gesch\u00e4tzte Lesezeit":"4\u00a0Minuten"},"schema":{"@context":"https:\/\/schema.org","@graph":[{"@type":"WebPage","@id":"https:\/\/www.echlorial.de.com\/blog\/tonus-und-allergien-wird-weniger\/","url":"https:\/\/www.echlorial.de.com\/blog\/tonus-und-allergien-wird-weniger\/","name":"Neuer Tonus und weniger Allergien","isPartOf":{"@id":"https:\/\/www.echlorial.fr\/blog\/#website"},"datePublished":"2015-03-18T17:54:31+00:00","dateModified":"2015-03-18T17:54:31+00:00","author":{"@id":"https:\/\/www.echlorial.fr\/blog\/#\/schema\/person\/0e76c63d04141dd4ae797ce19887e7a6"},"breadcrumb":{"@id":"https:\/\/www.echlorial.de.com\/blog\/tonus-und-allergien-wird-weniger\/#breadcrumb"},"inLanguage":"de","potentialAction":[{"@type":"ReadAction","target":["https:\/\/www.echlorial.de.com\/blog\/tonus-und-allergien-wird-weniger\/"]}]},{"@type":"BreadcrumbList","@id":"https:\/\/www.echlorial.de.com\/blog\/tonus-und-allergien-wird-weniger\/#breadcrumb","itemListElement":[{"@type":"ListItem","position":1,"name":"Startseite","item":"https:\/\/www.echlorial.de.com\/"},{"@type":"ListItem","position":2,"name":"Erfahrungsberichte","item":"https:\/\/www.echlorial.de.com\/blog\/category\/temoignages-de\/"},{"@type":"ListItem","position":3,"name":"Atem, Atmung","item":"https:\/\/www.echlorial.de.com\/blog\/category\/temoignages-de\/asthma-de\/"},{"@type":"ListItem","position":4,"name":"Neuer Tonus und weniger Allergien"}]},{"@type":"WebSite","@id":"https:\/\/www.echlorial.fr\/blog\/#website","url":"https:\/\/www.echlorial.fr\/blog\/","name":"eChlorial","description":"Chlorella extra pure cultiv\u00e9e sous tube de verre en Allemagne","potentialAction":[{"@type":"SearchAction","target":{"@type":"EntryPoint","urlTemplate":"https:\/\/www.echlorial.fr\/blog\/?s={search_term_string}"},"query-input":"required name=search_term_string"}],"inLanguage":"de"},{"@type":"Person","@id":"https:\/\/www.echlorial.fr\/blog\/#\/schema\/person\/0e76c63d04141dd4ae797ce19887e7a6","name":"admin_echlorial","sameAs":["http:\/\/www.echlorial.fr"],"url":"https:\/\/www.echlorial.de.com\/blog\/author\/admin_echlorial\/"}]}},"_links":{"self":[{"href":"https:\/\/www.echlorial.de.com\/blog\/wp-json\/wp\/v2\/posts\/8419"}],"collection":[{"href":"https:\/\/www.echlorial.de.com\/blog\/wp-json\/wp\/v2\/posts"}],"about":[{"href":"https:\/\/www.echlorial.de.com\/blog\/wp-json\/wp\/v2\/types\/post"}],"author":[{"embeddable":true,"href":"https:\/\/www.echlorial.de.com\/blog\/wp-json\/wp\/v2\/users\/1"}],"replies":[{"embeddable":true,"href":"https:\/\/www.echlorial.de.com\/blog\/wp-json\/wp\/v2\/comments?post=8419"}],"version-history":[{"count":0,"href":"https:\/\/www.echlorial.de.com\/blog\/wp-json\/wp\/v2\/posts\/8419\/revisions"}],"wp:attachment":[{"href":"https:\/\/www.echlorial.de.com\/blog\/wp-json\/wp\/v2\/media?parent=8419"}],"wp:term":[{"taxonomy":"category","embeddable":true,"href":"https:\/\/www.echlorial.de.com\/blog\/wp-json\/wp\/v2\/categories?post=8419"},{"taxonomy":"post_tag","embeddable":true,"href":"https:\/\/www.echlorial.de.com\/blog\/wp-json\/wp\/v2\/tags?post=8419"}],"curies":[{"name":"wp","href":"https:\/\/api.w.org\/{rel}","templated":true}]}}