{"id":8391,"date":"2016-04-05T19:26:35","date_gmt":"2016-04-05T19:26:35","guid":{"rendered":"https:\/\/www.echlorial.fr\/blog\/chlorella-ist-magisch\/"},"modified":"2016-04-05T19:26:35","modified_gmt":"2016-04-05T19:26:35","slug":"chlorella-ist-magisch","status":"publish","type":"post","link":"https:\/\/www.echlorial.de.com\/blog\/chlorella-ist-magisch\/","title":{"rendered":"Chlorella ist magisch"},"content":{"rendered":"\n<h3><span style=\"color: #249e47;\">F\u00fcr mich ist Chlorella magisch, weil es ein Herpesproblem gel\u00f6st hat, das mein Leben verpestete.<\/span><\/h3>\n\n\n\n<p>Ich h\u00e4tte ein Verm\u00f6gen daf\u00fcr gegeben, eine L\u00f6sung f\u00fcr mein Problem zu finden! Ein Lippenherpes behinderte mein Leben jahrelang &#8230; Ich hatte mindestens einmal im Monat ein &#8222;Fieberbl\u00e4schen&#8220; auf der Unterlippe, bei der kleinsten Schw\u00e4che, bei den ersten Sonnenstrahlen!<\/p>\n\n\n\n<p>Mein Beruf bringt mich in st\u00e4ndigen Kontakt mit der \u00d6ffentlichkeit und wenn ein Herpesbl\u00e4schen auftauchte, wusste ich, dass ich mindestens 10 Tage \u00e4sthetischen Horror, Schmerzen und Unbehagen haben w\u00fcrde&#8230;..<\/p>\n\n\n\n<p>Die regelm\u00e4\u00dfige Einnahme von Chlorella hat mein Problem gel\u00f6st, f\u00fcr das es bis heute keine medizinische L\u00f6sung gibt. Das Virus ist immer noch vorhanden, aber es ist geschw\u00e4cht, oder meine nat\u00fcrlichen Abwehrkr\u00e4fte werden gest\u00e4rkt, oder beides zusammen, wodurch die Auspr\u00e4gung der Herpes-Symptome der Stille unterworfen wird.<\/p>\n\n\n\n<h3>Chlorella ist f\u00fcr mich zu einer kleinen Zauberalge geworden!<\/h3>\n","protected":false},"excerpt":{"rendered":"<p>F\u00fcr mich ist Chlorella magisch, weil es ein Herpesproblem gel\u00f6st hat, das mein Leben verpestete. Ich h\u00e4tte ein Verm\u00f6gen daf\u00fcr gegeben, eine L\u00f6sung f\u00fcr mein Problem zu finden! Ein Lippenherpes behinderte mein Leben jahrelang &#8230; Ich hatte mindestens einmal im Monat ein &#8222;Fieberbl\u00e4schen&#8220; auf der Unterlippe, bei der kleinsten Schw\u00e4che, bei den ersten Sonnenstrahlen! Mein [&hellip;]<\/p>\n","protected":false},"author":1,"featured_media":0,"comment_status":"open","ping_status":"open","sticky":false,"template":"","format":"standard","meta":[],"categories":[467,469],"tags":[],"acf":[],"yoast_head":"<!-- This site is optimized with the Yoast SEO plugin v19.7.1 - https:\/\/yoast.com\/wordpress\/plugins\/seo\/ -->\n<title>Chlorella ist magisch<\/title>\n<meta name=\"robots\" content=\"index, follow, max-snippet:-1, max-image-preview:large, max-video-preview:-1\" \/>\n<link rel=\"canonical\" href=\"https:\/\/www.echlorial.de.com\/blog\/chlorella-ist-magisch\/\" \/>\n<meta property=\"og:locale\" content=\"de_DE\" \/>\n<meta property=\"og:type\" content=\"article\" \/>\n<meta property=\"og:title\" content=\"Chlorella ist magisch\" \/>\n<meta property=\"og:description\" content=\"F\u00fcr mich ist Chlorella magisch, weil es ein Herpesproblem gel\u00f6st hat, das mein Leben verpestete. Ich h\u00e4tte ein Verm\u00f6gen daf\u00fcr gegeben, eine L\u00f6sung f\u00fcr mein Problem zu finden! Ein Lippenherpes behinderte mein Leben jahrelang &#8230; Ich hatte mindestens einmal im Monat ein &#8222;Fieberbl\u00e4schen&#8220; auf der Unterlippe, bei der kleinsten Schw\u00e4che, bei den ersten Sonnenstrahlen! Mein [&hellip;]\" \/>\n<meta property=\"og:url\" content=\"https:\/\/www.echlorial.de.com\/blog\/chlorella-ist-magisch\/\" \/>\n<meta property=\"og:site_name\" content=\"eChlorial\" \/>\n<meta property=\"article:published_time\" content=\"2016-04-05T19:26:35+00:00\" \/>\n<meta name=\"author\" content=\"admin_echlorial\" \/>\n<meta name=\"twitter:label1\" content=\"Verfasst von\" \/>\n\t<meta name=\"twitter:data1\" content=\"admin_echlorial\" \/>\n\t<meta name=\"twitter:label2\" content=\"Gesch\u00e4tzte Lesezeit\" \/>\n\t<meta name=\"twitter:data2\" content=\"1\u00a0Minute\" \/>\n<script type=\"application\/ld+json\" class=\"yoast-schema-graph\">{\"@context\":\"https:\/\/schema.org\",\"@graph\":[{\"@type\":\"WebPage\",\"@id\":\"https:\/\/www.echlorial.de.com\/blog\/chlorella-ist-magisch\/\",\"url\":\"https:\/\/www.echlorial.de.com\/blog\/chlorella-ist-magisch\/\",\"name\":\"Chlorella ist magisch\",\"isPartOf\":{\"@id\":\"https:\/\/www.echlorial.de.com\/blog\/#website\"},\"datePublished\":\"2016-04-05T19:26:35+00:00\",\"dateModified\":\"2016-04-05T19:26:35+00:00\",\"author\":{\"@id\":\"https:\/\/www.echlorial.de.com\/blog\/#\/schema\/person\/0e76c63d04141dd4ae797ce19887e7a6\"},\"breadcrumb\":{\"@id\":\"https:\/\/www.echlorial.de.com\/blog\/chlorella-ist-magisch\/#breadcrumb\"},\"inLanguage\":\"de\",\"potentialAction\":[{\"@type\":\"ReadAction\",\"target\":[\"https:\/\/www.echlorial.de.com\/blog\/chlorella-ist-magisch\/\"]}]},{\"@type\":\"BreadcrumbList\",\"@id\":\"https:\/\/www.echlorial.de.com\/blog\/chlorella-ist-magisch\/#breadcrumb\",\"itemListElement\":[{\"@type\":\"ListItem\",\"position\":1,\"name\":\"Startseite\",\"item\":\"https:\/\/www.echlorial.de.com\/\"},{\"@type\":\"ListItem\",\"position\":2,\"name\":\"Erfahrungsberichte\",\"item\":\"https:\/\/www.echlorial.de.com\/blog\/category\/temoignages-de\/\"},{\"@type\":\"ListItem\",\"position\":3,\"name\":\"Schleimh\u00e4ute\",\"item\":\"https:\/\/www.echlorial.de.com\/blog\/category\/temoignages-de\/herpes-und-aphthen\/\"},{\"@type\":\"ListItem\",\"position\":4,\"name\":\"Chlorella ist magisch\"}]},{\"@type\":\"WebSite\",\"@id\":\"https:\/\/www.echlorial.de.com\/blog\/#website\",\"url\":\"https:\/\/www.echlorial.de.com\/blog\/\",\"name\":\"eChlorial\",\"description\":\"Chlorella extra pure cultiv\u00e9e sous tube de verre en Allemagne\",\"potentialAction\":[{\"@type\":\"SearchAction\",\"target\":{\"@type\":\"EntryPoint\",\"urlTemplate\":\"https:\/\/www.echlorial.de.com\/blog\/?s={search_term_string}\"},\"query-input\":\"required name=search_term_string\"}],\"inLanguage\":\"de\"},{\"@type\":\"Person\",\"@id\":\"https:\/\/www.echlorial.de.com\/blog\/#\/schema\/person\/0e76c63d04141dd4ae797ce19887e7a6\",\"name\":\"admin_echlorial\",\"sameAs\":[\"http:\/\/www.echlorial.fr\"],\"url\":\"https:\/\/www.echlorial.de.com\/blog\/author\/admin_echlorial\/\"}]}<\/script>\n<!-- \/ Yoast SEO plugin. -->","yoast_head_json":{"title":"Chlorella ist magisch","robots":{"index":"index","follow":"follow","max-snippet":"max-snippet:-1","max-image-preview":"max-image-preview:large","max-video-preview":"max-video-preview:-1"},"canonical":"https:\/\/www.echlorial.de.com\/blog\/chlorella-ist-magisch\/","og_locale":"de_DE","og_type":"article","og_title":"Chlorella ist magisch","og_description":"F\u00fcr mich ist Chlorella magisch, weil es ein Herpesproblem gel\u00f6st hat, das mein Leben verpestete. Ich h\u00e4tte ein Verm\u00f6gen daf\u00fcr gegeben, eine L\u00f6sung f\u00fcr mein Problem zu finden! Ein Lippenherpes behinderte mein Leben jahrelang &#8230; Ich hatte mindestens einmal im Monat ein &#8222;Fieberbl\u00e4schen&#8220; auf der Unterlippe, bei der kleinsten Schw\u00e4che, bei den ersten Sonnenstrahlen! Mein [&hellip;]","og_url":"https:\/\/www.echlorial.de.com\/blog\/chlorella-ist-magisch\/","og_site_name":"eChlorial","article_published_time":"2016-04-05T19:26:35+00:00","author":"admin_echlorial","twitter_misc":{"Verfasst von":"admin_echlorial","Gesch\u00e4tzte Lesezeit":"1\u00a0Minute"},"schema":{"@context":"https:\/\/schema.org","@graph":[{"@type":"WebPage","@id":"https:\/\/www.echlorial.de.com\/blog\/chlorella-ist-magisch\/","url":"https:\/\/www.echlorial.de.com\/blog\/chlorella-ist-magisch\/","name":"Chlorella ist magisch","isPartOf":{"@id":"https:\/\/www.echlorial.de.com\/blog\/#website"},"datePublished":"2016-04-05T19:26:35+00:00","dateModified":"2016-04-05T19:26:35+00:00","author":{"@id":"https:\/\/www.echlorial.de.com\/blog\/#\/schema\/person\/0e76c63d04141dd4ae797ce19887e7a6"},"breadcrumb":{"@id":"https:\/\/www.echlorial.de.com\/blog\/chlorella-ist-magisch\/#breadcrumb"},"inLanguage":"de","potentialAction":[{"@type":"ReadAction","target":["https:\/\/www.echlorial.de.com\/blog\/chlorella-ist-magisch\/"]}]},{"@type":"BreadcrumbList","@id":"https:\/\/www.echlorial.de.com\/blog\/chlorella-ist-magisch\/#breadcrumb","itemListElement":[{"@type":"ListItem","position":1,"name":"Startseite","item":"https:\/\/www.echlorial.de.com\/"},{"@type":"ListItem","position":2,"name":"Erfahrungsberichte","item":"https:\/\/www.echlorial.de.com\/blog\/category\/temoignages-de\/"},{"@type":"ListItem","position":3,"name":"Schleimh\u00e4ute","item":"https:\/\/www.echlorial.de.com\/blog\/category\/temoignages-de\/herpes-und-aphthen\/"},{"@type":"ListItem","position":4,"name":"Chlorella ist magisch"}]},{"@type":"WebSite","@id":"https:\/\/www.echlorial.de.com\/blog\/#website","url":"https:\/\/www.echlorial.de.com\/blog\/","name":"eChlorial","description":"Chlorella extra pure cultiv\u00e9e sous tube de verre en Allemagne","potentialAction":[{"@type":"SearchAction","target":{"@type":"EntryPoint","urlTemplate":"https:\/\/www.echlorial.de.com\/blog\/?s={search_term_string}"},"query-input":"required name=search_term_string"}],"inLanguage":"de"},{"@type":"Person","@id":"https:\/\/www.echlorial.de.com\/blog\/#\/schema\/person\/0e76c63d04141dd4ae797ce19887e7a6","name":"admin_echlorial","sameAs":["http:\/\/www.echlorial.fr"],"url":"https:\/\/www.echlorial.de.com\/blog\/author\/admin_echlorial\/"}]}},"_links":{"self":[{"href":"https:\/\/www.echlorial.de.com\/blog\/wp-json\/wp\/v2\/posts\/8391"}],"collection":[{"href":"https:\/\/www.echlorial.de.com\/blog\/wp-json\/wp\/v2\/posts"}],"about":[{"href":"https:\/\/www.echlorial.de.com\/blog\/wp-json\/wp\/v2\/types\/post"}],"author":[{"embeddable":true,"href":"https:\/\/www.echlorial.de.com\/blog\/wp-json\/wp\/v2\/users\/1"}],"replies":[{"embeddable":true,"href":"https:\/\/www.echlorial.de.com\/blog\/wp-json\/wp\/v2\/comments?post=8391"}],"version-history":[{"count":0,"href":"https:\/\/www.echlorial.de.com\/blog\/wp-json\/wp\/v2\/posts\/8391\/revisions"}],"wp:attachment":[{"href":"https:\/\/www.echlorial.de.com\/blog\/wp-json\/wp\/v2\/media?parent=8391"}],"wp:term":[{"taxonomy":"category","embeddable":true,"href":"https:\/\/www.echlorial.de.com\/blog\/wp-json\/wp\/v2\/categories?post=8391"},{"taxonomy":"post_tag","embeddable":true,"href":"https:\/\/www.echlorial.de.com\/blog\/wp-json\/wp\/v2\/tags?post=8391"}],"curies":[{"name":"wp","href":"https:\/\/api.w.org\/{rel}","templated":true}]}}