{"id":10880,"date":"2025-05-08T17:33:18","date_gmt":"2025-05-08T17:33:18","guid":{"rendered":"https:\/\/www.echlorial.fr\/blog\/wohltuende-junge-erfahrungen-spirulina\/"},"modified":"2025-05-08T17:33:18","modified_gmt":"2025-05-08T17:33:18","slug":"wohltuende-junge-erfahrungen-spirulina","status":"publish","type":"post","link":"https:\/\/www.echlorial.de.com\/blog\/wohltuende-junge-erfahrungen-spirulina\/","title":{"rendered":"Vorteile des Fastens: Meine pers\u00f6nliche Erfahrung"},"content":{"rendered":"\n<h3>Warum wird immer h\u00e4ufiger \u00fcber das Fasten gesprochen?<\/h3>\n\n\n\n<p>Ist das Fasten ein gesellschaftliches Ph\u00e4nomen? Ein Indikator f\u00fcr unsere Verhaltens\u00e4nderungen? Oder ein Wunsch, unsere Lebensweise zu \u00fcberdenken, angefangen bei unserer Ern\u00e4hrung?<\/p>\n\n\n\n<p>Seit fast f\u00fcnfzig Jahren wird das Fasten in Russland erforscht. Die Ergebnisse dieser Forschungen erreichen heute die Ohren des Westens und beleuchten seine positiven Auswirkungen auf die Gesundheit und das Wohlbefinden.<\/p>\n\n\n\n<h3>Die Vorteile des Fastens: Ein komplement\u00e4rer Ansatz<\/h3>\n\n\n\n<p>Fasten kann als Teil eines Lebensstils auf der Suche nach mehr Wohlbefinden eingesetzt werden, es kann aber auch zu therapeutischen Zwecken verwendet werden. Die anerkannten Vorteile des Fastens sind zahlreich und \u00fcberraschen immer wieder aufs Neue!<\/p>\n\n\n\n<h3>Wissenschaftliche und medizinische Anerkennung des Fastens<\/h3>\n\n\n\n<p>Heute wird das Fasten von einer gro\u00dfen Anzahl von \u00c4rzten und Wissenschaftlern auf der ganzen Welt anerkannt. In Russland, Deutschland, der Schweiz, den USA und Kanada wird das Fasten in die Behandlungsprotokolle f\u00fcr verschiedene chronische Krankheiten aufgenommen:<\/p>\n\n\n\n<ol><li>Herz-Kreislauf-Erkrankungen<\/li><li>Erkrankungen der Atemwege<\/li><li>Endokrine Pathologien<\/li><li>Verdauungsprobleme<\/li><li>Gelenk- und Knochenschmerzen<\/li><li>Dermatologische Erkrankungen<\/li><\/ol>\n\n\n\n<p>In \u00fcber 70 % der F\u00e4lle lindert das Fasten diese Erkrankungen. Neben seiner antidepressiven und sedierenden Wirkung weist es auch heilende Eigenschaften auf, die wissenschaftliche Studien noch zu erkl\u00e4ren versuchen.<\/p>\n\n\n\n<h3>Die Kontraindikationen des Fastens<\/h3>\n\n\n\n<p>Zu den Kontraindikationen, die von russischen \u00c4rzten, den Pionieren auf dem Gebiet des Heilfastens, genannt wurden, geh\u00f6ren :<\/p>\n\n\n\n<ol><li>Krebs<\/li><li>Diabetes Typ I<\/li><li>Chronische Hepatitis<\/li><li>Thrombophlebitis<\/li><li>Anorexie<\/li><\/ol>\n\n\n\n<p>Neuere Forschungsergebnisse aus den USA zeigen jedoch, dass<strong> Fasten auch die Nebenwirkungen von chemotherapeutischen Behandlungen lindern und deren Wirksamkeit verbessern k\u00f6nnte.<\/strong><\/p>\n\n\n\n<h3>Die Fastenpraxis: Was Sie wissen sollten<\/h3>\n\n\n\n<p>Mehr als zwei von drei Menschen berichten von positiven Auswirkungen eines Fastens!<\/p>\n\n\n\n<ul><li><strong>Arten des Fastens: Wasserfasten<\/strong> (nur Wasser) oder<strong>Teilfasten<\/strong> (kalorienarme Gem\u00fcses\u00e4fte, max. 250 kcal).<\/li><li><strong>Dauer:<\/strong> In der Regel zwischen einer und zwei Wochen. Manche Anh\u00e4nger fasten bis zu 40 Tage.<\/li><li><strong>Begleitung:<\/strong> Eine medizinische Betreuung ist ratsam, insbesondere bei l\u00e4ngeren Fastenzeiten.<\/li><li><strong>K\u00f6rperliche Aktivit\u00e4t:<\/strong> 2 Stunden Wandern, Yoga oder Gymnastik pro Tag sind empfehlenswert.<\/li><li><\/li><\/ul>\n\n\n\n<h3>Der Ausgang des Fastens: Eine entscheidende Etappe.<\/h3>\n\n\n\n<p>Die Phase der Nahrungsaufnahme ist genauso wichtig wie das Fasten selbst. Sie sollte sich \u00fcber mindestens eine Woche erstrecken, um Ern\u00e4hrungsschocks zu vermeiden und die erzielten Vorteile zu erhalten. Bevorzugen Sie eine leichte Kost, die reich an essentiellen N\u00e4hrstoffen ist.<\/p>\n\n\n\n<h3>Meine pers\u00f6nliche Erfahrung mit dem Fasten<\/h3>\n\n\n\n<div class=\"wp-block-image\"><figure class=\"alignright size-full\"><img loading=\"lazy\" width=\"672\" height=\"448\" src=\"https:\/\/www.echlorial.fr\/blog\/wp-content\/uploads\/2025\/05\/jeune_photo2.jpg\" alt=\"\" class=\"wp-image-10849\" srcset=\"https:\/\/www.echlorial.de.com\/blog\/wp-content\/uploads\/2025\/05\/jeune_photo2.jpg 672w, https:\/\/www.echlorial.de.com\/blog\/wp-content\/uploads\/2025\/05\/jeune_photo2-300x200.jpg 300w, https:\/\/www.echlorial.de.com\/blog\/wp-content\/uploads\/2025\/05\/jeune_photo2-165x110.jpg 165w\" sizes=\"(max-width: 672px) 100vw, 672px\" \/><\/figure><\/div>\n\n\n\n<p>Ich habe das Fasten f\u00fcr mich pers\u00f6nlich entdeckt, nachdem ich mich \u00fcber seine therapeutischen Vorteile und seine Auswirkungen auf das allgemeine Wohlbefinden informiert hatte. Meine erste Erfahrung war besonders positiv, so dass ich das Fasten zu einem zweimal j\u00e4hrlich stattfindenden Ritual gemacht habe. Ich f\u00fchlte mich energiegeladener, geistig klarer und meine Haut f\u00fchlte sich weicher und strahlender an.<\/p>\n\n\n\n<p>Um ein solches Experiment allein durchzuf\u00fchren, ist es wichtig, dass Sie k\u00f6rperlich und geistig gesund sind und sich von der Herausforderung motivieren lassen, denn es ist wirklich eine Herausforderung! Es ist wichtig, aktiv zu bleiben, weiter zu arbeiten (ohne Stress), sich zu bewegen, zu l\u00fcften und t\u00e4glich k\u00f6rperliche Aktivit\u00e4ten auszu\u00fcben.<\/p>\n\n\n\n<p>Die Umgebung sollte angenehm, warm, ruhig und intim sein, denn in den ersten Tagen ist das Bed\u00fcrfnis nach Ruhe besonders gro\u00df. Nickerchen am Tag sind \u00fcbrigens sehr empfehlenswert. Sie m\u00fcssen akzeptieren, dass Sie Ihren Alltag neu organisieren m\u00fcssen, ohne die Mahlzeiten, die normalerweise unseren Tagesrhythmus bestimmen.<\/p>\n\n\n\n<h3>Die ersten drei Tage: Die delikatesten Tage<\/h3>\n\n\n\n<p>Die ersten drei Tage sind oft die schwierigsten, da unser K\u00f6rper und unsere Gewohnheiten noch keine Zeit hatten, sich an die neue Arbeitsweise anzupassen.<\/p>\n\n\n\n<p>In dieser Zeit braucht der K\u00f6rper W\u00e4rme. Die W\u00e4rmflasche ist nicht mehr nur ein einfaches Komfort-Accessoire: Sie wird zu einem unverzichtbaren Verb\u00fcndeten. Diese schwachen Momente erfordern, dass Sie die Verlangsamung von K\u00f6rper und Geist akzeptieren, mit Pausen und Nickerchen in der Mitte des Tages.<\/p>\n\n\n\n<h3>Ab dem Vierten Tag : Die Klarheit setzt sich durch<\/h3>\n\n\n\n<p>Ab dem vierten Tag wird alles einfacher. Das Hungergef\u00fchl kommt nicht mehr aus dem Magen, sondern aus dem Geist. Wir vermissen die Freude am Essen und nicht die Notwendigkeit, uns zu ern\u00e4hren.<\/p>\n\n\n\n<p>Durch das Fasten machte ich eine \u00fcberraschende Entdeckung: Unser K\u00f6rper hat ein Ged\u00e4chtnis. Einen Tag und eine Nacht lang sp\u00fcrte ich einen R\u00fcckenschmerz, gegen den ich jahrelang angek\u00e4mpft hatte, ohne mir jemals einzugestehen, dass er psychosomatischen Ursprungs war. Mir wurde klar, dass Fasten wie ein innerer Gro\u00dfputz wirkt und bis in die tiefsten Schichten unseres Wesens, einschlie\u00dflich des Geistes, reinigt.<\/p>\n\n\n\n<h3>Die k\u00f6rperliche und geistige Erneuerung<\/h3>\n\n\n\n<p>Nach dem vierten Tag kehren Tonus und Dynamik zur\u00fcck. Schmerzen lassen nach, der K\u00f6rper f\u00fchlt sich leichter an. Die Gelenke wirken befreit, als ob sie ge\u00f6lt w\u00e4ren. Das Gesicht entspannt sich, die Haut wird weicher, weniger trocken, so dass die Feuchtigkeitscreme fast \u00fcberfl\u00fcssig wird. Alle Sinne scheinen gesch\u00e4rft und die Sensibilit\u00e4t erh\u00f6ht zu sein.<\/p>\n\n\n\n<h3>Feuchtigkeitsversorgung: Ein Muss w\u00e4hrend des Fastens.<\/h3>\n\n\n\n<p>W\u00e4hrend der gesamten Fastenzeit ist es unerl\u00e4sslich, sich zum Trinken zu zwingen, auch wenn das Durstgef\u00fchl ausbleibt. Nierenschmerzen werden Sie schnell an diese Notwendigkeit erinnern.<\/p>\n\n\n\n<h3>Kompensation von Genussmitteln<\/h3>\n\n\n\n<p>Um das Fehlen von Geschmackserlebnissen auszugleichen, ist es wichtig, sich geistig zu besch\u00e4ftigen: Lesen, Kino, Musik, Spazierg\u00e4nge an der frischen Luft, Gesellschaftsspiele, Malen&#8230;<\/p>\n\n\n\n<h3>Vermeidung von Demineralisierung: Spirulina, eine unsch\u00e4tzbare Unterst\u00fctzung<\/h3>\n\n\n\n<p>Um eine Demineralisierung zu vermeiden, empfiehlt es sich, Gem\u00fcsebr\u00fche zu sich zu nehmen, mindestens zwei Sch\u00fcsseln pro Tag. Als Erg\u00e4nzung sollten 5 g <strong><a href=\"https:\/\/www.echlorial.fr\/16-spiruline-bio\">Bio Spirulina <\/a><\/strong>am Morgen und 5 g am Abend die essentielle Zufuhr von Aminos\u00e4uren und Mineralien liefern. Dar\u00fcber hinaus tr\u00e4gt Spirulina, die reich an Chlorophyll und <a href=\"https:\/\/www.echlorial.fr\/blog\/phycocyanine-bienfaits-spiruline\/\">Phycocyanin<\/a> ist, wirksam zur Entgiftung des K\u00f6rpers bei.<\/p>\n\n\n\n<h3>Eine positive pers\u00f6nliche Bilanz<\/h3>\n\n\n\n<p>Diese pers\u00f6nliche Erfahrung war \u00e4u\u00dferst vorteilhaft und hat mir mehrere Wahrheiten bewusst gemacht:<\/p>\n\n\n\n<ul><li>Das Hungergef\u00fchl ist zu einem gro\u00dfen Teil psychologisch bedingt. W\u00e4hrend des Fastens verlangt unser Geist nach Nahrung, nicht unser K\u00f6rper, der sehr gut ohne Nahrung auskommt. Essen ist ein echtes Vergn\u00fcgen, das wir brauchen, sowohl f\u00fcr uns selbst als auch zur Aufrechterhaltung sozialer Bindungen. Fasten wirkt wie ein innerer Gro\u00dfputz, der den K\u00f6rper reinigt und den Geist regeneriert. Das \u00dcberwinden einer Fastenzeit ist ein Sieg \u00fcber sich selbst, was Platon als den gr\u00f6\u00dften aller Siege bezeichnete.<\/li><\/ul>\n\n\n\n<h3>Eine Praxis, die zur Lebensweise wird<\/h3>\n\n\n\n<p>Ich habe das Wasserfasten 2018 f\u00fcr mich entdeckt und faste seitdem zweimal im Jahr, im Fr\u00fchling und im Herbst, jeweils 8 bis 21 Tage lang. Dieses Ritual ist mittlerweile fest in meinem Alltag verankert und ich k\u00f6nnte nicht mehr darauf verzichten.<\/p>\n\n\n\n<h3>Empfehlung: Spirulina, ein unverzichtbares Superfood.<\/h3>\n\n\n\n<p>W\u00e4hrend des Fastens besteht ein hohes Risiko der Demineralisierung. Um dies auszugleichen und den K\u00f6rper zu unterst\u00fctzen, ist Spirulina ein hervorragender Verb\u00fcndeter. Sie ist reich an essentiellen Aminos\u00e4uren, Mineralien und Chlorophyll, tr\u00e4gt zur Entgiftung bei und liefert wertvolle Energie.<\/p>\n\n\n\n<p><strong>Tipp:<\/strong> Verzehren Sie 5 g Spirulina morgens und 5 g abends, um eine optimale Versorgung mit essentiellen N\u00e4hrstoffen zu gew\u00e4hrleisten.<\/p>\n\n\n\n<h3>Ein m\u00e4chtiges Werkzeug F\u00fcr K\u00f6rper und Geist<\/h3>\n\n\n\n<p>Fasten ist ein anspruchsvoller, aber \u00e4u\u00dferst n\u00fctzlicher pers\u00f6nlicher Prozess. Es erm\u00f6glicht nicht nur eine gr\u00fcndliche Reinigung des K\u00f6rpers, sondern st\u00e4rkt auch den Geist. Spirulina als nat\u00fcrliche Erg\u00e4nzung f\u00fcgt sich perfekt in diesen Prozess der k\u00f6rperlichen und geistigen Regeneration ein.<\/p>\n\n\n\n<p><\/p>\n\n\n\n<p><em>Muriel Cathaud, Dr. es Sciences<\/em><\/p>\n","protected":false},"excerpt":{"rendered":"<p>Warum wird immer h\u00e4ufiger \u00fcber das Fasten gesprochen? Ist das Fasten ein gesellschaftliches Ph\u00e4nomen? Ein Indikator f\u00fcr unsere Verhaltens\u00e4nderungen? Oder ein Wunsch, unsere Lebensweise zu \u00fcberdenken, angefangen bei unserer Ern\u00e4hrung? Seit fast f\u00fcnfzig Jahren wird das Fasten in Russland erforscht. Die Ergebnisse dieser Forschungen erreichen heute die Ohren des Westens und beleuchten seine positiven Auswirkungen [&hellip;]<\/p>\n","protected":false},"author":1,"featured_media":0,"comment_status":"open","ping_status":"open","sticky":false,"template":"","format":"standard","meta":[],"categories":[398],"tags":[],"acf":[],"yoast_head":"<!-- This site is optimized with the Yoast SEO plugin v19.7.1 - https:\/\/yoast.com\/wordpress\/plugins\/seo\/ -->\n<title>Vorteile des Fastens: Meine pers\u00f6nliche Erfahrung<\/title>\n<meta name=\"robots\" content=\"index, follow, max-snippet:-1, max-image-preview:large, max-video-preview:-1\" \/>\n<link rel=\"canonical\" href=\"https:\/\/www.echlorial.de.com\/blog\/wohltuende-junge-erfahrungen-spirulina\/\" \/>\n<meta property=\"og:locale\" content=\"de_DE\" \/>\n<meta property=\"og:type\" content=\"article\" \/>\n<meta property=\"og:title\" content=\"Vorteile des Fastens: Meine pers\u00f6nliche Erfahrung\" \/>\n<meta property=\"og:description\" content=\"Warum wird immer h\u00e4ufiger \u00fcber das Fasten gesprochen? Ist das Fasten ein gesellschaftliches Ph\u00e4nomen? Ein Indikator f\u00fcr unsere Verhaltens\u00e4nderungen? Oder ein Wunsch, unsere Lebensweise zu \u00fcberdenken, angefangen bei unserer Ern\u00e4hrung? Seit fast f\u00fcnfzig Jahren wird das Fasten in Russland erforscht. Die Ergebnisse dieser Forschungen erreichen heute die Ohren des Westens und beleuchten seine positiven Auswirkungen [&hellip;]\" \/>\n<meta property=\"og:url\" content=\"https:\/\/www.echlorial.de.com\/blog\/wohltuende-junge-erfahrungen-spirulina\/\" \/>\n<meta property=\"og:site_name\" content=\"eChlorial\" \/>\n<meta property=\"article:published_time\" content=\"2025-05-08T17:33:18+00:00\" \/>\n<meta property=\"og:image\" content=\"https:\/\/www.echlorial.fr\/blog\/wp-content\/uploads\/2025\/05\/jeune_photo2.jpg\" \/>\n<meta name=\"author\" content=\"admin_echlorial\" \/>\n<meta name=\"twitter:label1\" content=\"Verfasst von\" \/>\n\t<meta name=\"twitter:data1\" content=\"admin_echlorial\" \/>\n\t<meta name=\"twitter:label2\" content=\"Gesch\u00e4tzte Lesezeit\" \/>\n\t<meta name=\"twitter:data2\" content=\"6\u00a0Minuten\" \/>\n<script type=\"application\/ld+json\" class=\"yoast-schema-graph\">{\"@context\":\"https:\/\/schema.org\",\"@graph\":[{\"@type\":\"WebPage\",\"@id\":\"https:\/\/www.echlorial.de.com\/blog\/wohltuende-junge-erfahrungen-spirulina\/\",\"url\":\"https:\/\/www.echlorial.de.com\/blog\/wohltuende-junge-erfahrungen-spirulina\/\",\"name\":\"Vorteile des Fastens: Meine pers\u00f6nliche Erfahrung\",\"isPartOf\":{\"@id\":\"https:\/\/www.echlorial.com\/blog\/#website\"},\"datePublished\":\"2025-05-08T17:33:18+00:00\",\"dateModified\":\"2025-05-08T17:33:18+00:00\",\"author\":{\"@id\":\"https:\/\/www.echlorial.com\/blog\/#\/schema\/person\/0e76c63d04141dd4ae797ce19887e7a6\"},\"breadcrumb\":{\"@id\":\"https:\/\/www.echlorial.de.com\/blog\/wohltuende-junge-erfahrungen-spirulina\/#breadcrumb\"},\"inLanguage\":\"de\",\"potentialAction\":[{\"@type\":\"ReadAction\",\"target\":[\"https:\/\/www.echlorial.de.com\/blog\/wohltuende-junge-erfahrungen-spirulina\/\"]}]},{\"@type\":\"BreadcrumbList\",\"@id\":\"https:\/\/www.echlorial.de.com\/blog\/wohltuende-junge-erfahrungen-spirulina\/#breadcrumb\",\"itemListElement\":[{\"@type\":\"ListItem\",\"position\":1,\"name\":\"Startseite\",\"item\":\"https:\/\/www.echlorial.de.com\/\"},{\"@type\":\"ListItem\",\"position\":2,\"name\":\"Unkategorisiert\",\"item\":\"https:\/\/www.echlorial.com\/blog\/category\/scienceandnews\/\"},{\"@type\":\"ListItem\",\"position\":3,\"name\":\"Vorteile des Fastens: Meine pers\u00f6nliche Erfahrung\"}]},{\"@type\":\"WebSite\",\"@id\":\"https:\/\/www.echlorial.com\/blog\/#website\",\"url\":\"https:\/\/www.echlorial.com\/blog\/\",\"name\":\"eChlorial\",\"description\":\"Chlorella extra pure cultiv\u00e9e sous tube de verre en Allemagne\",\"potentialAction\":[{\"@type\":\"SearchAction\",\"target\":{\"@type\":\"EntryPoint\",\"urlTemplate\":\"https:\/\/www.echlorial.com\/blog\/?s={search_term_string}\"},\"query-input\":\"required name=search_term_string\"}],\"inLanguage\":\"de\"},{\"@type\":\"Person\",\"@id\":\"https:\/\/www.echlorial.com\/blog\/#\/schema\/person\/0e76c63d04141dd4ae797ce19887e7a6\",\"name\":\"admin_echlorial\",\"sameAs\":[\"http:\/\/www.echlorial.fr\"],\"url\":\"https:\/\/www.echlorial.de.com\/blog\/author\/admin_echlorial\/\"}]}<\/script>\n<!-- \/ Yoast SEO plugin. -->","yoast_head_json":{"title":"Vorteile des Fastens: Meine pers\u00f6nliche Erfahrung","robots":{"index":"index","follow":"follow","max-snippet":"max-snippet:-1","max-image-preview":"max-image-preview:large","max-video-preview":"max-video-preview:-1"},"canonical":"https:\/\/www.echlorial.de.com\/blog\/wohltuende-junge-erfahrungen-spirulina\/","og_locale":"de_DE","og_type":"article","og_title":"Vorteile des Fastens: Meine pers\u00f6nliche Erfahrung","og_description":"Warum wird immer h\u00e4ufiger \u00fcber das Fasten gesprochen? Ist das Fasten ein gesellschaftliches Ph\u00e4nomen? Ein Indikator f\u00fcr unsere Verhaltens\u00e4nderungen? Oder ein Wunsch, unsere Lebensweise zu \u00fcberdenken, angefangen bei unserer Ern\u00e4hrung? Seit fast f\u00fcnfzig Jahren wird das Fasten in Russland erforscht. Die Ergebnisse dieser Forschungen erreichen heute die Ohren des Westens und beleuchten seine positiven Auswirkungen [&hellip;]","og_url":"https:\/\/www.echlorial.de.com\/blog\/wohltuende-junge-erfahrungen-spirulina\/","og_site_name":"eChlorial","article_published_time":"2025-05-08T17:33:18+00:00","og_image":[{"url":"https:\/\/www.echlorial.fr\/blog\/wp-content\/uploads\/2025\/05\/jeune_photo2.jpg"}],"author":"admin_echlorial","twitter_misc":{"Verfasst von":"admin_echlorial","Gesch\u00e4tzte Lesezeit":"6\u00a0Minuten"},"schema":{"@context":"https:\/\/schema.org","@graph":[{"@type":"WebPage","@id":"https:\/\/www.echlorial.de.com\/blog\/wohltuende-junge-erfahrungen-spirulina\/","url":"https:\/\/www.echlorial.de.com\/blog\/wohltuende-junge-erfahrungen-spirulina\/","name":"Vorteile des Fastens: Meine pers\u00f6nliche Erfahrung","isPartOf":{"@id":"https:\/\/www.echlorial.com\/blog\/#website"},"datePublished":"2025-05-08T17:33:18+00:00","dateModified":"2025-05-08T17:33:18+00:00","author":{"@id":"https:\/\/www.echlorial.com\/blog\/#\/schema\/person\/0e76c63d04141dd4ae797ce19887e7a6"},"breadcrumb":{"@id":"https:\/\/www.echlorial.de.com\/blog\/wohltuende-junge-erfahrungen-spirulina\/#breadcrumb"},"inLanguage":"de","potentialAction":[{"@type":"ReadAction","target":["https:\/\/www.echlorial.de.com\/blog\/wohltuende-junge-erfahrungen-spirulina\/"]}]},{"@type":"BreadcrumbList","@id":"https:\/\/www.echlorial.de.com\/blog\/wohltuende-junge-erfahrungen-spirulina\/#breadcrumb","itemListElement":[{"@type":"ListItem","position":1,"name":"Startseite","item":"https:\/\/www.echlorial.de.com\/"},{"@type":"ListItem","position":2,"name":"Unkategorisiert","item":"https:\/\/www.echlorial.com\/blog\/category\/scienceandnews\/"},{"@type":"ListItem","position":3,"name":"Vorteile des Fastens: Meine pers\u00f6nliche Erfahrung"}]},{"@type":"WebSite","@id":"https:\/\/www.echlorial.com\/blog\/#website","url":"https:\/\/www.echlorial.com\/blog\/","name":"eChlorial","description":"Chlorella extra pure cultiv\u00e9e sous tube de verre en Allemagne","potentialAction":[{"@type":"SearchAction","target":{"@type":"EntryPoint","urlTemplate":"https:\/\/www.echlorial.com\/blog\/?s={search_term_string}"},"query-input":"required name=search_term_string"}],"inLanguage":"de"},{"@type":"Person","@id":"https:\/\/www.echlorial.com\/blog\/#\/schema\/person\/0e76c63d04141dd4ae797ce19887e7a6","name":"admin_echlorial","sameAs":["http:\/\/www.echlorial.fr"],"url":"https:\/\/www.echlorial.de.com\/blog\/author\/admin_echlorial\/"}]}},"_links":{"self":[{"href":"https:\/\/www.echlorial.de.com\/blog\/wp-json\/wp\/v2\/posts\/10880"}],"collection":[{"href":"https:\/\/www.echlorial.de.com\/blog\/wp-json\/wp\/v2\/posts"}],"about":[{"href":"https:\/\/www.echlorial.de.com\/blog\/wp-json\/wp\/v2\/types\/post"}],"author":[{"embeddable":true,"href":"https:\/\/www.echlorial.de.com\/blog\/wp-json\/wp\/v2\/users\/1"}],"replies":[{"embeddable":true,"href":"https:\/\/www.echlorial.de.com\/blog\/wp-json\/wp\/v2\/comments?post=10880"}],"version-history":[{"count":0,"href":"https:\/\/www.echlorial.de.com\/blog\/wp-json\/wp\/v2\/posts\/10880\/revisions"}],"wp:attachment":[{"href":"https:\/\/www.echlorial.de.com\/blog\/wp-json\/wp\/v2\/media?parent=10880"}],"wp:term":[{"taxonomy":"category","embeddable":true,"href":"https:\/\/www.echlorial.de.com\/blog\/wp-json\/wp\/v2\/categories?post=10880"},{"taxonomy":"post_tag","embeddable":true,"href":"https:\/\/www.echlorial.de.com\/blog\/wp-json\/wp\/v2\/tags?post=10880"}],"curies":[{"name":"wp","href":"https:\/\/api.w.org\/{rel}","templated":true}]}}